{"id":421780,"date":"2016-08-24T18:36:39","date_gmt":"2016-08-24T23:36:39","guid":{"rendered":"https:\/\/www.futboltotal.com.mx\/?p=421780"},"modified":"2016-08-24T18:38:28","modified_gmt":"2016-08-24T23:38:28","slug":"atleta-mexicana-amenazada-muerte-ganar-medalla","status":"publish","type":"post","link":"http:\/\/desarrollo.grupomedios.com\/futbol\/no-todo-es-futbol\/atleta-mexicana-amenazada-muerte-ganar-medalla\/2016\/08","title":{"rendered":"Amenazan de muerte a mexicana por no ganar medalla"},"content":{"rendered":"<p>La tiradora mexicana, <strong>Alejandra Zavala<\/strong>, revel\u00f3 que no tiene los mejores recuerdos de su participaci\u00f3n en los <strong>Juegos Ol\u00edmpicos de R\u00edo de Janeiro 2016<\/strong>, ya que recibi\u00f3 mensajes negativos por no conseguir una medalla.<\/p>\n<p><strong>Alejandra Zavala<\/strong> lleg\u00f3 a recibir amenazas de muerte, pese a finalizar en la cuarta posici\u00f3n de tiro deportivo, en los primeros d\u00edas de competencia, en los <strong>Juegos Ol\u00edmpicos de R\u00edo de Janeiro<\/strong>; no obstante, pudo superar ese mal pasaje de su vida.<\/p>\n<p>&#8220;Fueron varios mensajes, medio feos, algo fuertes, de que me dec\u00edan que me iba a morir al regresar, se met\u00edan con mi f\u00edsico, que era una verg\u00fcenza para el pa\u00eds por no traer medalla. Para m\u00ed ya no trasciende nada eso, te lo juro que despu\u00e9s las le\u00eda y me re\u00eda porque eran personas sin foto en su perfil, aunque s\u00ed hubo por ah\u00ed uno que puso que yo era hija de alguien con dinero y que por eso fui a Juegos Ol\u00edmpicos&#8221;, declar\u00f3 la mexicana al suplemento deportivo <em>Cancha.<\/em><\/p>\n","protected":false},"excerpt":{"rendered":"<p>Alejandra Zavala recibi\u00f3 mensajes negativos tras JJOO<\/p>\n","protected":false},"author":20,"featured_media":421782,"comment_status":"closed","ping_status":"closed","sticky":false,"template":"","format":"standard","meta":[],"categories":[7269,5419,7182,5418,6411,7189],"tags":[1911],"_links":{"self":[{"href":"http:\/\/desarrollo.grupomedios.com\/futbol\/wp-json\/wp\/v2\/posts\/421780"}],"collection":[{"href":"http:\/\/desarrollo.grupomedios.com\/futbol\/wp-json\/wp\/v2\/posts"}],"about":[{"href":"http:\/\/desarrollo.grupomedios.com\/futbol\/wp-json\/wp\/v2\/types\/post"}],"author":[{"embeddable":true,"href":"http:\/\/desarrollo.grupomedios.com\/futbol\/wp-json\/wp\/v2\/users\/20"}],"replies":[{"embeddable":true,"href":"http:\/\/desarrollo.grupomedios.com\/futbol\/wp-json\/wp\/v2\/comments?post=421780"}],"version-history":[{"count":0,"href":"http:\/\/desarrollo.grupomedios.com\/futbol\/wp-json\/wp\/v2\/posts\/421780\/revisions"}],"wp:featuredmedia":[{"embeddable":true,"href":"http:\/\/desarrollo.grupomedios.com\/futbol\/wp-json\/wp\/v2\/media\/421782"}],"wp:attachment":[{"href":"http:\/\/desarrollo.grupomedios.com\/futbol\/wp-json\/wp\/v2\/media?parent=421780"}],"wp:term":[{"taxonomy":"category","embeddable":true,"href":"http:\/\/desarrollo.grupomedios.com\/futbol\/wp-json\/wp\/v2\/categories?post=421780"},{"taxonomy":"post_tag","embeddable":true,"href":"http:\/\/desarrollo.grupomedios.com\/futbol\/wp-json\/wp\/v2\/tags?post=421780"}],"curies":[{"name":"wp","href":"https:\/\/api.w.org\/{rel}","templated":true}]}}