{"id":421808,"date":"2016-08-24T20:07:14","date_gmt":"2016-08-25T01:07:14","guid":{"rendered":"https:\/\/www.futboltotal.com.mx\/?p=421808"},"modified":"2016-08-24T20:07:14","modified_gmt":"2016-08-25T01:07:14","slug":"hope-suspendida-seis-meses","status":"publish","type":"post","link":"http:\/\/desarrollo.grupomedios.com\/futbol\/futbol-internacional\/hope-suspendida-seis-meses\/2016\/08","title":{"rendered":"Hope Solo, suspendida por seis meses"},"content":{"rendered":"<p>La portera de <strong>Estados Unidos<\/strong>, <strong>Hope Solo<\/strong>, fue suspendida de la selecci\u00f3n de las <em>Barras y las Estrellas<\/em> por insultos que dijo, tras la derrota de su combinado, frente a su similar de Suecia en los Juegos Ol\u00edmpicos de R\u00edo de Janeiro.<\/p>\n<p>\u201cTuvimos muchas oportunidades de gol. Logramos empatar y estoy muy orgullosa de mi equipo. Tambi\u00e9n creo que jugamos contra un grupo de cobardes. Creo firmemente que el mejor equipo no gan\u00f3 hoy\u201d, fueron las palabras de <strong>Hope Solo<\/strong>, tras la eliminaci\u00f3n del conjunto norteamericano.<\/p>\n<p style=\"text-align: center;\"><span style=\"color: #3366ff;\"><a style=\"color: #3366ff;\" href=\"https:\/\/www.futboltotal.com.mx\/2016\/08\/atleta-mexicana-amenazada-muerte-ganar-medalla\/\" target=\"_blank\"><strong>LEER M\u00c1S: Atleta mexicana, amenazada de muerte por no ganar medalla<\/strong><\/a><\/span><\/p>\n<p>Por esa declaraci\u00f3n y los \u00faltimos esc\u00e1ndalos de la futbolista, la federaci\u00f3n de futbol de Estados Unidos, decidi\u00f3 separar a <strong>Hope Solo<\/strong>, del combinado nacional, por seis meses.<\/p>\n<p>\u201cTeniendo en cuenta los \u00faltimos incidentes de Hope Solo, as\u00ed como las conversaciones en privado, se tom\u00f3 esta decisi\u00f3n. M\u00e1s all\u00e1 del \u00e1mbito deportivo, los Juegos Ol\u00edmpicos celebran y representan el juego limpio y el respeto. Esperamos que todos nuestros seleccionados honren estos principios, sin excepciones\u201d, se\u00f1al\u00f3 la US Soccer en comunicado.<\/p>\n","protected":false},"excerpt":{"rendered":"<p>La futbolista fue castigada por insultar a jugadoras suecas<\/p>\n","protected":false},"author":20,"featured_media":421810,"comment_status":"closed","ping_status":"closed","sticky":false,"template":"","format":"standard","meta":[],"categories":[3839,7186,7182,5951],"tags":[6214,6225],"_links":{"self":[{"href":"http:\/\/desarrollo.grupomedios.com\/futbol\/wp-json\/wp\/v2\/posts\/421808"}],"collection":[{"href":"http:\/\/desarrollo.grupomedios.com\/futbol\/wp-json\/wp\/v2\/posts"}],"about":[{"href":"http:\/\/desarrollo.grupomedios.com\/futbol\/wp-json\/wp\/v2\/types\/post"}],"author":[{"embeddable":true,"href":"http:\/\/desarrollo.grupomedios.com\/futbol\/wp-json\/wp\/v2\/users\/20"}],"replies":[{"embeddable":true,"href":"http:\/\/desarrollo.grupomedios.com\/futbol\/wp-json\/wp\/v2\/comments?post=421808"}],"version-history":[{"count":0,"href":"http:\/\/desarrollo.grupomedios.com\/futbol\/wp-json\/wp\/v2\/posts\/421808\/revisions"}],"wp:featuredmedia":[{"embeddable":true,"href":"http:\/\/desarrollo.grupomedios.com\/futbol\/wp-json\/wp\/v2\/media\/421810"}],"wp:attachment":[{"href":"http:\/\/desarrollo.grupomedios.com\/futbol\/wp-json\/wp\/v2\/media?parent=421808"}],"wp:term":[{"taxonomy":"category","embeddable":true,"href":"http:\/\/desarrollo.grupomedios.com\/futbol\/wp-json\/wp\/v2\/categories?post=421808"},{"taxonomy":"post_tag","embeddable":true,"href":"http:\/\/desarrollo.grupomedios.com\/futbol\/wp-json\/wp\/v2\/tags?post=421808"}],"curies":[{"name":"wp","href":"https:\/\/api.w.org\/{rel}","templated":true}]}}