{"id":422016,"date":"2016-08-24T23:23:53","date_gmt":"2016-08-25T04:23:53","guid":{"rendered":"https:\/\/www.futboltotal.com.mx\/?p=422016"},"modified":"2016-08-25T07:28:11","modified_gmt":"2016-08-25T12:28:11","slug":"resultado-concachampions-tigres-3-1-plaza-amador","status":"publish","type":"post","link":"http:\/\/desarrollo.grupomedios.com\/futbol\/destacado-home\/resultado-concachampions-tigres-3-1-plaza-amador\/2016\/08","title":{"rendered":"Tigres da otro zarpazo en Concachampions"},"content":{"rendered":"<p>En el Estadio Universitario de Nuevo Le\u00f3n,<a href=\"http:\/\/futboltotal.com.mx\/equipos\/tigres\/\" target=\"_blank\"><strong> Tigres<\/strong><\/a> recibi\u00f3 al <strong>Plaza Amador<\/strong> de Panam\u00e1, en busca de obtener su segunda victoria, para avanzar en la fase de grupos de la <strong>Concachampions<\/strong>, con los brazos cruzados; sin embargo, se le complic\u00f3 un poco el juego y por poco regala puntos al rival.<\/p>\n<p>Al minuto 22 del encuentro, Humberto Ward abri\u00f3 el marcador en <em>el Volc\u00e1n<\/em> en lo que parec\u00eda una repetici\u00f3n de lo que le sucedi\u00f3 al Monterrey hace una semana; no obstante, <strong>Tigres<\/strong> logr\u00f3 despertar a tiempo.<\/p>\n<p>Jonathan Espericueta empat\u00f3 el juego v\u00eda penal al 44\u2019 y as\u00ed, <strong>Tigres<\/strong> plane\u00f3 como remontar el marcador en el complemento, algo que logr\u00f3 gracias a los goles de Fernando Fern\u00e1ndez al 61\u2019, y de Juli\u00e1n Qui\u00f1onez al 82\u2019, con lo que el conjunto felino obtuvo su segunda victoria consecutiva, en el torneo de CONCACAF.<\/p>\n<div id=\"gallerydb6\" style=\"display:none;\"><img alt=\"\" src=\"http:\/\/desarrollo.grupomedios.com\/futbol\/wp-content\/uploads\/2016\/08\/en-vivo-tigres-vs-amador.jpg\" data-image=\"http:\/\/desarrollo.grupomedios.com\/futbol\/wp-content\/uploads\/2016\/08\/en-vivo-tigres-vs-amador.jpg\" data-description=\"en-vivo-tigres-vs-amador\"><img alt=\"\" src=\"http:\/\/desarrollo.grupomedios.com\/futbol\/wp-content\/uploads\/2016\/08\/en-vivo-tigres-vs-plaza-amador-concachampions.jpg\" data-image=\"http:\/\/desarrollo.grupomedios.com\/futbol\/wp-content\/uploads\/2016\/08\/en-vivo-tigres-vs-plaza-amador-concachampions.jpg\" data-description=\"en-vivo-tigres-vs-plaza-amador-concachampions\"><img alt=\"\" src=\"http:\/\/desarrollo.grupomedios.com\/futbol\/wp-content\/uploads\/2016\/08\/en-vivo-tigres-vs-paza-amador.jpg\" data-image=\"http:\/\/desarrollo.grupomedios.com\/futbol\/wp-content\/uploads\/2016\/08\/en-vivo-tigres-vs-paza-amador.jpg\" data-description=\"en-vivo-tigres-vs-paza-amador\"><\/div>\n        <script>\n        \/\/galeria 1\n        jQuery(document).ready(function(){ \n            var api;\n            api = jQuery(\"#gallerydb6\").unitegallery({\n                carousel_autoplay: false\n            }); \n        });\n        <\/script>\n        \n<p style=\"text-align: center;\"><span style=\"color: #3366ff;\"><a style=\"color: #3366ff;\" href=\"https:\/\/www.futboltotal.com.mx\/2016\/08\/en-vivo-tigres-vs-plaza-amador-concachampions\/\" target=\"_blank\"><strong>LEER M\u00c1S: AS\u00cd SE VIVI\u00d3 | Tigres 3-1 Plaza Amador | Concachampions<\/strong><\/a><\/span><\/p>\n<p><iframe loading=\"lazy\" src=\"https:\/\/www.youtube.com\/embed\/3EQbd-rvxa8\" frameborder=\"0\" allowfullscreen=\"allowfullscreen\"><\/iframe><\/p>\n","protected":false},"excerpt":{"rendered":"<p>\u00a1Con breve susto en la primera parte, los felinos lograron ganar nuevamente!<\/p>\n","protected":false},"author":20,"featured_media":422018,"comment_status":"closed","ping_status":"closed","sticky":false,"template":"","format":"standard","meta":[],"categories":[5398,5,3839,2198],"tags":[3182,5973],"_links":{"self":[{"href":"http:\/\/desarrollo.grupomedios.com\/futbol\/wp-json\/wp\/v2\/posts\/422016"}],"collection":[{"href":"http:\/\/desarrollo.grupomedios.com\/futbol\/wp-json\/wp\/v2\/posts"}],"about":[{"href":"http:\/\/desarrollo.grupomedios.com\/futbol\/wp-json\/wp\/v2\/types\/post"}],"author":[{"embeddable":true,"href":"http:\/\/desarrollo.grupomedios.com\/futbol\/wp-json\/wp\/v2\/users\/20"}],"replies":[{"embeddable":true,"href":"http:\/\/desarrollo.grupomedios.com\/futbol\/wp-json\/wp\/v2\/comments?post=422016"}],"version-history":[{"count":0,"href":"http:\/\/desarrollo.grupomedios.com\/futbol\/wp-json\/wp\/v2\/posts\/422016\/revisions"}],"wp:featuredmedia":[{"embeddable":true,"href":"http:\/\/desarrollo.grupomedios.com\/futbol\/wp-json\/wp\/v2\/media\/422018"}],"wp:attachment":[{"href":"http:\/\/desarrollo.grupomedios.com\/futbol\/wp-json\/wp\/v2\/media?parent=422016"}],"wp:term":[{"taxonomy":"category","embeddable":true,"href":"http:\/\/desarrollo.grupomedios.com\/futbol\/wp-json\/wp\/v2\/categories?post=422016"},{"taxonomy":"post_tag","embeddable":true,"href":"http:\/\/desarrollo.grupomedios.com\/futbol\/wp-json\/wp\/v2\/tags?post=422016"}],"curies":[{"name":"wp","href":"https:\/\/api.w.org\/{rel}","templated":true}]}}