{"id":422102,"date":"2016-08-25T09:40:01","date_gmt":"2016-08-25T14:40:01","guid":{"rendered":"https:\/\/www.futboltotal.com.mx\/?p=422102"},"modified":"2016-08-25T09:40:01","modified_gmt":"2016-08-25T14:40:01","slug":"oficializan-traspaso-claudio-bravo-al-manchester-city","status":"publish","type":"post","link":"http:\/\/desarrollo.grupomedios.com\/futbol\/futbol-internacional\/oficializan-traspaso-claudio-bravo-al-manchester-city\/2016\/08","title":{"rendered":"Oficializan traspaso de Claudio Bravo al Manchester City"},"content":{"rendered":"<p>Luego de que el Barcelona anunciara la <span style=\"color: #ff0000;\"><a style=\"color: #ff0000;\" href=\"https:\/\/www.futboltotal.com.mx\/2016\/08\/oficial-barcelona-ficha-a-cillessen\/\" target=\"_blank\">contrataci\u00f3n del holand\u00e9s Jasper Cillessen<\/a>\u00a0<\/span>, el <strong>Manchester City<\/strong> ha oficializado la llegada del ex portero\u00a0<em>blaugrana\u00a0<\/em><strong>Claudio Bravo<\/strong> para las pr\u00f3ximas cuatro temporadas.<\/p>\n<blockquote class=\"twitter-tweet\" data-lang=\"es\">\n<p dir=\"ltr\" lang=\"es\">Claudio Bravo firma un contrato de cuatro a\u00f1os con el Manchester City.<\/p>\n<p>M\u00e1s info:<br \/>\n\u27a1<a href=\"https:\/\/t.co\/3KyVc4fRLd\">https:\/\/t.co\/3KyVc4fRLd<\/a><a href=\"https:\/\/t.co\/kh2yuQaJiv\">pic.twitter.com\/kh2yuQaJiv<\/a><\/p>\n<p>\u2014 Manchester City (@ManCityES) <a href=\"https:\/\/twitter.com\/ManCityES\/status\/768811338533568512\">25 de agosto de 2016<\/a><\/p><\/blockquote>\n<p><script async src=\"\/\/platform.twitter.com\/widgets.js\" charset=\"utf-8\"><\/script><\/p>\n<p style=\"text-align: center;\"><strong><span style=\"color: #3366ff;\">LEER M\u00c1S:<a style=\"color: #3366ff;\" href=\"https:\/\/www.futboltotal.com.mx\/2016\/08\/hope-suspendida-seis-meses\/\"> Hope Solo, suspendida por seis meses<\/a><\/span><\/strong><\/p>\n<p>Los Citizens le pagaron al <strong>Barcelona<\/strong> 18 millones de euros y dos m\u00e1s por las variables del traspaso. El portero chileno de 33 a\u00f1os, gan\u00f3 todos los torneos que disput\u00f3 con el conjunto <em>Blaugrana<\/em>: dos Ligas, una Champions League (no oficial para UEFA), dos Copas del Rey, un Mundial de Clubes, una Supercopa de Espa\u00f1a y una Supercopa de Europa.<\/p>\n<blockquote><p>&#8220;No es f\u00e1cil dejar un club como el <strong>Barcelona<\/strong>, donde pas\u00e9 dos fant\u00e1sticos a\u00f1os, pero la oportunidad de trabajar con Pep Guardiola era demasiado buena para rechazarla. Ahora competir\u00e9 con los otros porteros que tiene el equipo y espero que juntos podamos ganar muchos trofeos&#8221;, dijo para la web del <strong>City.<\/strong><\/p><\/blockquote>\n<p style=\"text-align: center;\"><span style=\"color: #3366ff;\"><strong><a style=\"color: #3366ff;\" href=\"https:\/\/www.futboltotal.com.mx\/2016\/08\/porto-anuncia-ficha-a-oliver-torres\/\">LEER M\u00c1S: Porto anuncia regreso de \u00d3liver Torres<\/a><\/strong><\/span><\/p>\n<p><strong>Claudio Bravo<\/strong> disput\u00f3 75 partidos con los <em>cul\u00e9s<\/em> y encaj\u00f3 43 goles. Ahora llega al <strong>Manchester City<\/strong> para defender la porter\u00eda de los ingleses, pues Guardiola se encaprich\u00f3 con el guardameta luego de no conf\u00edar en el ingl\u00e9s Joe Hart.<\/p>\n<blockquote><p>&#8220;Estoy muy orgulloso de unirme al <strong>City<\/strong>. S\u00e9 que el club est\u00e1 construyendo algo muy especial y espero poder formar parte de muchos \u00e9xitos en los pr\u00f3ximos a\u00f1os&#8221;, finaliz\u00f3 <strong>Bravo<\/strong>.<\/p><\/blockquote>\n","protected":false},"excerpt":{"rendered":"<p>Bravo jugar\u00e1 con los Citizens por cuatro temporadas<\/p>\n","protected":false},"author":20,"featured_media":422106,"comment_status":"closed","ping_status":"closed","sticky":false,"template":"","format":"standard","meta":[],"categories":[3839,3846,5951],"tags":[640,5993],"_links":{"self":[{"href":"http:\/\/desarrollo.grupomedios.com\/futbol\/wp-json\/wp\/v2\/posts\/422102"}],"collection":[{"href":"http:\/\/desarrollo.grupomedios.com\/futbol\/wp-json\/wp\/v2\/posts"}],"about":[{"href":"http:\/\/desarrollo.grupomedios.com\/futbol\/wp-json\/wp\/v2\/types\/post"}],"author":[{"embeddable":true,"href":"http:\/\/desarrollo.grupomedios.com\/futbol\/wp-json\/wp\/v2\/users\/20"}],"replies":[{"embeddable":true,"href":"http:\/\/desarrollo.grupomedios.com\/futbol\/wp-json\/wp\/v2\/comments?post=422102"}],"version-history":[{"count":0,"href":"http:\/\/desarrollo.grupomedios.com\/futbol\/wp-json\/wp\/v2\/posts\/422102\/revisions"}],"wp:featuredmedia":[{"embeddable":true,"href":"http:\/\/desarrollo.grupomedios.com\/futbol\/wp-json\/wp\/v2\/media\/422106"}],"wp:attachment":[{"href":"http:\/\/desarrollo.grupomedios.com\/futbol\/wp-json\/wp\/v2\/media?parent=422102"}],"wp:term":[{"taxonomy":"category","embeddable":true,"href":"http:\/\/desarrollo.grupomedios.com\/futbol\/wp-json\/wp\/v2\/categories?post=422102"},{"taxonomy":"post_tag","embeddable":true,"href":"http:\/\/desarrollo.grupomedios.com\/futbol\/wp-json\/wp\/v2\/tags?post=422102"}],"curies":[{"name":"wp","href":"https:\/\/api.w.org\/{rel}","templated":true}]}}