{"id":422180,"date":"2016-08-25T13:17:50","date_gmt":"2016-08-25T18:17:50","guid":{"rendered":"https:\/\/www.futboltotal.com.mx\/?p=422180"},"modified":"2016-08-25T13:30:32","modified_gmt":"2016-08-25T18:30:32","slug":"monterrey-nuevo-refuerzo","status":"publish","type":"post","link":"http:\/\/desarrollo.grupomedios.com\/futbol\/futbol-mexicano\/monterrey-nuevo-refuerzo\/2016\/08","title":{"rendered":"Monterrey tiene nuevo refuerzo"},"content":{"rendered":"<p><em>Rayados<\/em> de <strong>Monterrey<\/strong> ha concretado la llegada del delantero hondure\u00f1o, <strong>Albert Elis<\/strong>, quien disput\u00f3 los pasados Juegos Ol\u00edmpicos en R\u00edo 2016. Antes de que los regios hayan oficializado la contrataci\u00f3n del atacante, de 20 a\u00f1os, la selecci\u00f3n de Honduras ha confirmado la llegada a trav\u00e9s de un mensaje difundido en redes sociales.<\/p>\n<p>&#8220;Monterrey de la primera divisi\u00f3n Mexicana, Nuevo club de Albert Elis&#8221;, public\u00f3 la selecci\u00f3n de Honduras en su cuenta oficial de Facebook este jueves.<\/p>\n<p style=\"text-align: center;\"><a href=\"https:\/\/www.futboltotal.com.mx\/futbol-mexicano\/\"><span style=\"color: #3366ff;\"><strong>LEER M\u00c1S: Todas las noticias de futbol mexicano<\/strong><\/span><\/a><\/p>\n<p style=\"text-align: center;\"><a href=\"https:\/\/www.futboltotal.com.mx\/wp-content\/uploads\/2016\/08\/Screen-Shot-2016-08-25-at-1.12.10-PM.png\"><img decoding=\"async\" loading=\"lazy\" class=\"alignnone size-full wp-image-422194\" src=\"https:\/\/www.futboltotal.com.mx\/wp-content\/uploads\/2016\/08\/Screen-Shot-2016-08-25-at-1.12.10-PM.png\" alt=\"Screen Shot 2016-08-25 at 1.12.10 PM\" srcset=\"http:\/\/desarrollo.grupomedios.com\/futbol\/wp-content\/uploads\/2016\/08\/Screen-Shot-2016-08-25-at-1.12.10-PM.png 1306w, http:\/\/desarrollo.grupomedios.com\/futbol\/wp-content\/uploads\/2016\/08\/Screen-Shot-2016-08-25-at-1.12.10-PM-300x125.png 300w, http:\/\/desarrollo.grupomedios.com\/futbol\/wp-content\/uploads\/2016\/08\/Screen-Shot-2016-08-25-at-1.12.10-PM-768x320.png 768w, http:\/\/desarrollo.grupomedios.com\/futbol\/wp-content\/uploads\/2016\/08\/Screen-Shot-2016-08-25-at-1.12.10-PM-1024x427.png 1024w\" sizes=\"(max-width: 1306px) 100vw, 1306px\" \/><\/a><\/p>\n<p>El combinado nacional ya hab\u00eda anunciado previamente que &#8220;Elis jugar\u00e1 en el futbol mexicano&#8221;, aunque no revel\u00f3 que su nuevo equipo ser\u00eda el cuadro que dirige Antonio Mohamed.<\/p>\n<p><strong>Albert Elis,\u00a0<\/strong>elegido el Mejor Jugador Joven de Concacaf en la campa\u00f1a 2015-16, llega a la Liga MX tras haber militado en el Olimpia durante tres a\u00f1os y despu\u00e9s de una participaci\u00f3n destacada en los Juegos Ol\u00edmpicos de R\u00edo 2016. El jugador ten\u00eda ofertas del Everton y el Cagliari, pero no concret\u00f3 ninguna de ellas.<\/p>\n<p>El delantero, que marc\u00f3 un gol a Portugal y otro m\u00e1s ante Corea del Sur, firmar\u00e1\u00a0contrato por tres a\u00f1os y en los pr\u00f3ximo d\u00edas arribar\u00e1 a M\u00e9xico para finiquitar detalles de su contrataci\u00f3n, seg\u00fan apunta la prensa Hondure\u00f1a.<\/p>\n<p>&nbsp;<\/p>\n<p>&nbsp;<\/p>\n<p>&nbsp;<\/p>\n<p>&nbsp;<\/p>\n","protected":false},"excerpt":{"rendered":"<p>La selecci\u00f3n de Honduras adelanta la llegada del delantero Alberth Elis<\/p>\n","protected":false},"author":20,"featured_media":422192,"comment_status":"closed","ping_status":"closed","sticky":false,"template":"","format":"standard","meta":[],"categories":[2198,3845],"tags":[6927,5966],"_links":{"self":[{"href":"http:\/\/desarrollo.grupomedios.com\/futbol\/wp-json\/wp\/v2\/posts\/422180"}],"collection":[{"href":"http:\/\/desarrollo.grupomedios.com\/futbol\/wp-json\/wp\/v2\/posts"}],"about":[{"href":"http:\/\/desarrollo.grupomedios.com\/futbol\/wp-json\/wp\/v2\/types\/post"}],"author":[{"embeddable":true,"href":"http:\/\/desarrollo.grupomedios.com\/futbol\/wp-json\/wp\/v2\/users\/20"}],"replies":[{"embeddable":true,"href":"http:\/\/desarrollo.grupomedios.com\/futbol\/wp-json\/wp\/v2\/comments?post=422180"}],"version-history":[{"count":0,"href":"http:\/\/desarrollo.grupomedios.com\/futbol\/wp-json\/wp\/v2\/posts\/422180\/revisions"}],"wp:featuredmedia":[{"embeddable":true,"href":"http:\/\/desarrollo.grupomedios.com\/futbol\/wp-json\/wp\/v2\/media\/422192"}],"wp:attachment":[{"href":"http:\/\/desarrollo.grupomedios.com\/futbol\/wp-json\/wp\/v2\/media?parent=422180"}],"wp:term":[{"taxonomy":"category","embeddable":true,"href":"http:\/\/desarrollo.grupomedios.com\/futbol\/wp-json\/wp\/v2\/categories?post=422180"},{"taxonomy":"post_tag","embeddable":true,"href":"http:\/\/desarrollo.grupomedios.com\/futbol\/wp-json\/wp\/v2\/tags?post=422180"}],"curies":[{"name":"wp","href":"https:\/\/api.w.org\/{rel}","templated":true}]}}