{"id":422312,"date":"2016-08-25T16:37:11","date_gmt":"2016-08-25T21:37:11","guid":{"rendered":"https:\/\/www.futboltotal.com.mx\/?p=422312"},"modified":"2016-08-25T16:37:11","modified_gmt":"2016-08-25T21:37:11","slug":"gana-pases-la-carrera-la-liga-bancomer","status":"publish","type":"post","link":"http:\/\/desarrollo.grupomedios.com\/futbol\/otros-deportes\/gana-pases-la-carrera-la-liga-bancomer\/2016\/08","title":{"rendered":"Gana pases para la Carrera de la Liga Bancomer"},"content":{"rendered":"<p class=\"p1\">Te invitamos\u00a0a la Carrera de la Liga Bancomer en la modalidad de 8k y a la caminata de 2k. Desempolva los tenis, ponte el jersey de tu equipo favorito de la liga y\u2026 \u00a1a correr!<\/p>\n<p class=\"p1\">La cita es el domingo 11 de septiembre entre el Estadio Azul y la Monumental Plaza de Toros en punto de las 7 am.<\/p>\n<p class=\"p1\"><strong>Tenemos 10 pases para la carrera de 8 k<\/strong> en la rama femenil y varonil. Solo podr\u00e1n inscribirse las personas mayores a dieciocho a\u00f1os cumplidos a m\u00e1s tardar el 31 de diciembre de 2016. Los menores de dieciocho deber\u00e1n presentar acta de nacimiento o credencial escolar para comprobar su edad.<\/p>\n<p class=\"p1\">La caminata de 2k \u00fanicamente es recreativa y de convivencia, pueden participar menores de edad desde los seis a\u00f1os acompa\u00f1ados de un adulto.<\/p>\n<p class=\"p1\"><strong>\u00bfQu\u00e9 hacer para ganarlos?\u00a0<\/strong><\/p>\n<p class=\"p1\">1.- Coloca tu fotograf\u00eda vistiendo el jersey de tu equipo favorito en el post de Facebook y en la publicaci\u00f3n de Twitter.<\/p>\n<p class=\"p1\">2.- Toma una captura de pantalla de la fotograf\u00eda que compartiste en nuestras redes sociales y env\u00edala al mail\u00a0<span class=\"s1\">futboltotal@futboltotal.com.mx con asunto\u00a0\u201cCARRERA LIGA MX\u201d.\u00a0<\/span><\/p>\n<p class=\"p3\"><strong>OJO:<\/strong> En el mail deber\u00e1s agregar tu nombre completo, fecha de nacimiento, equipo favorito, correo y modalidad en la que participar\u00e1s.<\/p>\n<p class=\"p1\"><strong>\u00a1NO LO OLVIDES!\u00a0<\/strong><\/p>\n<p class=\"p1\">Para competir es indispensable que portes orgullosamente la playera de tu equipo favorito.<\/p>\n<p class=\"p1\">Si quieres conocer m\u00e1s detalles puedes consultar:<\/p>\n<p class=\"p4\"><span class=\"s2\"><a href=\"https:\/\/www.carreradelaliga.mx\/\">https:\/\/www.carreradelaliga.mx\/<\/a><\/span><span class=\"s3\">\u00a0<\/span><\/p>\n<p class=\"p4\"><span class=\"s3\">Facebook:\u00a0<a href=\"http:\/\/www.facebook.com\/CarreraLigaBBVA\/\"><span class=\"s2\">www.facebook.com\/CarreraLigaBBVA\/<\/span><\/a><\/span><\/p>\n<p class=\"p4\"><span class=\"s3\">Twitter:\u00a0<a href=\"http:\/\/www.twitter.com\/CarreraLigaBBVA\"><span class=\"s2\">www.twitter.com\/CarreraLigaBBVA<\/span><\/a><\/span><\/p>\n","protected":false},"excerpt":{"rendered":"<p>Te invitamos\u00a0a la Carrera de la Liga Bancomer en la modalidad de 8k y a la caminata de 2k. Desempolva los tenis, ponte el jersey de tu equipo favorito de la liga y\u2026 \u00a1a correr! La cita es el domingo 11 de septiembre entre el Estadio Azul y la Monumental Plaza de Toros en punto [&hellip;]<\/p>\n","protected":false},"author":20,"featured_media":422284,"comment_status":"closed","ping_status":"closed","sticky":false,"template":"","format":"standard","meta":[],"categories":[6411],"tags":[5461],"_links":{"self":[{"href":"http:\/\/desarrollo.grupomedios.com\/futbol\/wp-json\/wp\/v2\/posts\/422312"}],"collection":[{"href":"http:\/\/desarrollo.grupomedios.com\/futbol\/wp-json\/wp\/v2\/posts"}],"about":[{"href":"http:\/\/desarrollo.grupomedios.com\/futbol\/wp-json\/wp\/v2\/types\/post"}],"author":[{"embeddable":true,"href":"http:\/\/desarrollo.grupomedios.com\/futbol\/wp-json\/wp\/v2\/users\/20"}],"replies":[{"embeddable":true,"href":"http:\/\/desarrollo.grupomedios.com\/futbol\/wp-json\/wp\/v2\/comments?post=422312"}],"version-history":[{"count":0,"href":"http:\/\/desarrollo.grupomedios.com\/futbol\/wp-json\/wp\/v2\/posts\/422312\/revisions"}],"wp:featuredmedia":[{"embeddable":true,"href":"http:\/\/desarrollo.grupomedios.com\/futbol\/wp-json\/wp\/v2\/media\/422284"}],"wp:attachment":[{"href":"http:\/\/desarrollo.grupomedios.com\/futbol\/wp-json\/wp\/v2\/media?parent=422312"}],"wp:term":[{"taxonomy":"category","embeddable":true,"href":"http:\/\/desarrollo.grupomedios.com\/futbol\/wp-json\/wp\/v2\/categories?post=422312"},{"taxonomy":"post_tag","embeddable":true,"href":"http:\/\/desarrollo.grupomedios.com\/futbol\/wp-json\/wp\/v2\/tags?post=422312"}],"curies":[{"name":"wp","href":"https:\/\/api.w.org\/{rel}","templated":true}]}}