{"id":422380,"date":"2016-08-25T17:49:33","date_gmt":"2016-08-25T22:49:33","guid":{"rendered":"https:\/\/www.futboltotal.com.mx\/?p=422380"},"modified":"2016-08-25T17:49:33","modified_gmt":"2016-08-25T22:49:33","slug":"grupo-pachuca-rescata-a-matias-vuoso","status":"publish","type":"post","link":"http:\/\/desarrollo.grupomedios.com\/futbol\/uncategorized\/grupo-pachuca-rescata-a-matias-vuoso\/2016\/08","title":{"rendered":"Grupo Pachuca rescata a Mat\u00edas Vuoso"},"content":{"rendered":"<p>Luego de semanas de incertidumbre,<strong> Mat\u00edas Vuoso<\/strong> logr\u00f3 encontrar equipo, gracias a que <strong>Talleres de C\u00f3rdoba<\/strong> decidi\u00f3 abrirle las puertas.<\/p>\n<p>El club\u00a0que pertenece a <strong>Grupo Pachuca<\/strong> se hizo con los servicios del veterano delantero de 34 a\u00f1os que no despertara inter\u00e9s en M\u00e9xico.<\/p>\n<blockquote class=\"twitter-tweet\" data-lang=\"es\">\n<p dir=\"ltr\" lang=\"es\">Matias Vuoso refuerza la delantera de <a href=\"https:\/\/twitter.com\/hashtag\/Talleres?src=hash\">#Talleres<\/a> \u2192 <a href=\"https:\/\/t.co\/GoU1m37v5c\">https:\/\/t.co\/GoU1m37v5c<\/a> <a href=\"https:\/\/t.co\/lRa0537iym\">pic.twitter.com\/lRa0537iym<\/a><\/p>\n<p>\u2014 C.A. Talleres (@CATalleresdecba) <a href=\"https:\/\/twitter.com\/CATalleresdecba\/status\/768939678942855169\">25 de agosto de 2016<\/a><\/p><\/blockquote>\n<p><script async src=\"\/\/platform.twitter.com\/widgets.js\" charset=\"utf-8\"><\/script><\/p>\n<p>En d\u00edas anteriores, trascendi\u00f3 que <strong>Mat\u00edas Vuoso<\/strong> se neg\u00f3 a firmar contrato con Nacional de Uruguay porque le ped\u00edan ganarse la titularidad en el 70 por ciento de los partidos de este a\u00f1o, adem\u00e1s de al menos ocho goles para extender su contrato a m\u00e1s de seis meses.<\/p>\n<p><strong>Talleres de C\u00f3rdoba<\/strong> se convirti\u00f3 en el refugio de los \u201cexiliados\u201d de la Liga MX, pues ah\u00ed fueron a parar Javier Gandolfi que saliera de Xolos y Daniel Ludue\u00f1a, quien no acept\u00f3 que Pumas lo vendiera al Zacatepec Siglo XXI.<\/p>\n<p><span style=\"color: #ff0000;\"><strong>VIDEO<\/strong>: Agenda de TV de la jornada 7<\/span><\/p>\n<p>[video_player]https:\/\/player.vimeo.com\/external\/179825889.sd.mp4?s=a4661c6ea269b39d1408680db16d7234a9de9588&amp;profile_id=165[\/video_player]<\/p>\n","protected":false},"excerpt":{"rendered":"<p>El Toro jugar\u00e1 en Argentina <\/p>\n","protected":false},"author":20,"featured_media":422384,"comment_status":"closed","ping_status":"closed","sticky":false,"template":"","format":"standard","meta":[],"categories":[2198,3845,5951,1],"tags":[5962,331],"_links":{"self":[{"href":"http:\/\/desarrollo.grupomedios.com\/futbol\/wp-json\/wp\/v2\/posts\/422380"}],"collection":[{"href":"http:\/\/desarrollo.grupomedios.com\/futbol\/wp-json\/wp\/v2\/posts"}],"about":[{"href":"http:\/\/desarrollo.grupomedios.com\/futbol\/wp-json\/wp\/v2\/types\/post"}],"author":[{"embeddable":true,"href":"http:\/\/desarrollo.grupomedios.com\/futbol\/wp-json\/wp\/v2\/users\/20"}],"replies":[{"embeddable":true,"href":"http:\/\/desarrollo.grupomedios.com\/futbol\/wp-json\/wp\/v2\/comments?post=422380"}],"version-history":[{"count":0,"href":"http:\/\/desarrollo.grupomedios.com\/futbol\/wp-json\/wp\/v2\/posts\/422380\/revisions"}],"wp:featuredmedia":[{"embeddable":true,"href":"http:\/\/desarrollo.grupomedios.com\/futbol\/wp-json\/wp\/v2\/media\/422384"}],"wp:attachment":[{"href":"http:\/\/desarrollo.grupomedios.com\/futbol\/wp-json\/wp\/v2\/media?parent=422380"}],"wp:term":[{"taxonomy":"category","embeddable":true,"href":"http:\/\/desarrollo.grupomedios.com\/futbol\/wp-json\/wp\/v2\/categories?post=422380"},{"taxonomy":"post_tag","embeddable":true,"href":"http:\/\/desarrollo.grupomedios.com\/futbol\/wp-json\/wp\/v2\/tags?post=422380"}],"curies":[{"name":"wp","href":"https:\/\/api.w.org\/{rel}","templated":true}]}}