{"id":422402,"date":"2016-08-28T16:33:01","date_gmt":"2016-08-28T21:33:01","guid":{"rendered":"https:\/\/www.futboltotal.com.mx\/?p=422402"},"modified":"2016-08-28T23:47:22","modified_gmt":"2016-08-29T04:47:22","slug":"en-vivo-chiapas-vs-puebla-liga-mx","status":"publish","type":"post","link":"http:\/\/desarrollo.grupomedios.com\/futbol\/futbol-mexicano\/en-vivo-chiapas-vs-puebla-liga-mx\/2016\/08","title":{"rendered":"AS\u00cd SE VIVI\u00d3 | Chiapas 0-3 Puebla | Liga MX"},"content":{"rendered":"<p><a class=\"twitter-timeline\" href=\"https:\/\/twitter.com\/search?q=from%3A%40PueblaFC%2C%20OR%20from%3A%40Chiapas_FC\" data-widget-id=\"770014340158291972\">Tweets sobre from:@PueblaFC, OR from:@Chiapas_FC<\/a><br \/>\n<script>!function(d,s,id){var js,fjs=d.getElementsByTagName(s)[0],p=\/^http:\/.test(d.location)?'http':'https';if(!d.getElementById(id)){js=d.createElement(s);js.id=id;js.src=p+\":\/\/platform.twitter.com\/widgets.js\";fjs.parentNode.insertBefore(js,fjs);}}(document,\"script\",\"twitter-wjs\");<\/script><\/p>\n<blockquote class=\"twitter-tweet\" data-lang=\"es\">\n<p dir=\"ltr\" lang=\"es\">Afici\u00f3n en Estadio Zoque rinde homenaje a Juan Gabriel con minuto de aplausos tras darse a conocer su fallecimiento <a href=\"https:\/\/t.co\/o2c4mNojiH\">pic.twitter.com\/o2c4mNojiH<\/a><\/p>\n<p>\u2014 Carlos Ballinas (@Carlos_Ballinas) <a href=\"https:\/\/twitter.com\/Carlos_Ballinas\/status\/770020186892173312\">28 de agosto de 2016<\/a><\/p><\/blockquote>\n<p><script async src=\"\/\/platform.twitter.com\/widgets.js\" charset=\"utf-8\"><\/script><\/p>\n<p>El estadio Zoque fue la sede del <strong><a href=\"http:\/\/www.futboltotal.com.mx\/equipos\/chiapas\/\" target=\"_blank\">Chiapas<\/a> vs <a href=\"http:\/\/www.futboltotal.com.mx\/equipos\/puebla\/\" target=\"_blank\">Puebla<\/a><\/strong>, encuentro que comenz\u00f3 a las 17:00 horas y donde ambos equipos compitieron por ganar, no solamente para sumar unidades sino para tomar confianza, debido a la irregularidad de sus resultados en lo que va del Apertura 2016.<\/p>\n<p><strong>Chiapas<\/strong> luc\u00eda en el antepen\u00faltimo lugar de la competencia, debido a que suman \u00fanicamente cuatro unidades en el torneo, por lo que eran el equipo m\u00e1s urgido de puntos. Jos\u00e9 Cardozo ha logrado que su equipo poco a poco se adapte al estilo que quiere imponer; sin embargo, los resultados no le han favorecido porque tampoco se ha perfeccionado la efectividad dentro del campo.<\/p>\n<p>Por su parte <strong>Puebla<\/strong>, llegaba un poco m\u00e1s c\u00f3modo, pues se ubicaba en la posici\u00f3n 12 del torneo, luego subi\u00f3 un par de pelda\u00f1os; adem\u00e1s, la<em> Franja<\/em> ten\u00eda un problema importante para esta jornada 7, ya que Chrsitian Berm\u00fadez a\u00fan no resuelve la situaci\u00f3n legal en la que est\u00e1 atrapado.<\/p>\n<p>Ricardo Vali\u00f1o era el t\u00e9cnico del que se esperaba menos, por eso muchos pronosticaban, que el estratega dejar\u00eda el banquillo poblano durante la campa\u00f1a, aunque no contaban que habr\u00eda otros entrenadores con m\u00e1s problemas, ni mucho menos, se cre\u00eda que Luis Zubeld\u00eda dejar\u00eda el cargo en Santos, tan temprano en la campa\u00f1a.<\/p>\n<p><strong>Chiapas vs Puebla<\/strong>, \u00bfqui\u00e9n ganar\u00e1 este partido, <em>cracks<\/em>?<\/p>\n","protected":false},"excerpt":{"rendered":"<p>El Jaguar es domado en su casa<\/p>\n","protected":false},"author":20,"featured_media":423536,"comment_status":"closed","ping_status":"closed","sticky":false,"template":"","format":"standard","meta":[],"categories":[2198,3845],"tags":[5964,5969],"_links":{"self":[{"href":"http:\/\/desarrollo.grupomedios.com\/futbol\/wp-json\/wp\/v2\/posts\/422402"}],"collection":[{"href":"http:\/\/desarrollo.grupomedios.com\/futbol\/wp-json\/wp\/v2\/posts"}],"about":[{"href":"http:\/\/desarrollo.grupomedios.com\/futbol\/wp-json\/wp\/v2\/types\/post"}],"author":[{"embeddable":true,"href":"http:\/\/desarrollo.grupomedios.com\/futbol\/wp-json\/wp\/v2\/users\/20"}],"replies":[{"embeddable":true,"href":"http:\/\/desarrollo.grupomedios.com\/futbol\/wp-json\/wp\/v2\/comments?post=422402"}],"version-history":[{"count":0,"href":"http:\/\/desarrollo.grupomedios.com\/futbol\/wp-json\/wp\/v2\/posts\/422402\/revisions"}],"wp:featuredmedia":[{"embeddable":true,"href":"http:\/\/desarrollo.grupomedios.com\/futbol\/wp-json\/wp\/v2\/media\/423536"}],"wp:attachment":[{"href":"http:\/\/desarrollo.grupomedios.com\/futbol\/wp-json\/wp\/v2\/media?parent=422402"}],"wp:term":[{"taxonomy":"category","embeddable":true,"href":"http:\/\/desarrollo.grupomedios.com\/futbol\/wp-json\/wp\/v2\/categories?post=422402"},{"taxonomy":"post_tag","embeddable":true,"href":"http:\/\/desarrollo.grupomedios.com\/futbol\/wp-json\/wp\/v2\/tags?post=422402"}],"curies":[{"name":"wp","href":"https:\/\/api.w.org\/{rel}","templated":true}]}}