{"id":422534,"date":"2016-08-26T09:55:12","date_gmt":"2016-08-26T14:55:12","guid":{"rendered":"https:\/\/www.futboltotal.com.mx\/?p=422534"},"modified":"2016-08-26T10:42:22","modified_gmt":"2016-08-26T15:42:22","slug":"cillessen-fue-presentado-realizo-primer-entrenamiento","status":"publish","type":"post","link":"http:\/\/desarrollo.grupomedios.com\/futbol\/futbol-internacional\/cillessen-fue-presentado-realizo-primer-entrenamiento\/2016\/08","title":{"rendered":"Cillessen realiz\u00f3 su primer entrenamiento en el Bar\u00e7a"},"content":{"rendered":"<p>El nuevo portero del <strong>FC Barcelona<\/strong>, el holand\u00e9s <strong>Jasper Cillessen<\/strong>, ya se ha entrenado en la Ciudad Deportiva del conjunto catal\u00e1n, antes de que a mediod\u00eda sea presentado en sociedad en el Camp Nou.<\/p>\n<p>El cancerbero <em>azulgrana<\/em> ya ha conocido a sus nuevo compa\u00f1eros y tambi\u00e9n al meta que parte como titular, el alem\u00e1n Marc ter Stegen, con quien se ha hecho una fotograf\u00eda.<\/p>\n<blockquote class=\"twitter-tweet\" data-lang=\"es\">\n<p dir=\"ltr\" lang=\"es\"> <a href=\"https:\/\/twitter.com\/JasperCillessen\">@JasperCillessen<\/a> ya se ha entrenado con sus compa\u00f1eros. Las fotos de la sesi\u00f3n: <a href=\"https:\/\/t.co\/3ODMWlwZTR\">https:\/\/t.co\/3ODMWlwZTR<\/a> <a href=\"https:\/\/twitter.com\/hashtag\/FCBlive?src=hash\">#FCBlive<\/a> <a href=\"https:\/\/t.co\/0Rh0ElIw3y\">pic.twitter.com\/0Rh0ElIw3y<\/a><\/p>\n<p>\u2014 FC Barcelona (@FCBarcelona_es) <a href=\"https:\/\/twitter.com\/FCBarcelona_es\/status\/769162532783284224\">26 de agosto de 2016<\/a><\/p><\/blockquote>\n<p><script async src=\"\/\/platform.twitter.com\/widgets.js\" charset=\"utf-8\"><\/script><\/p>\n<p style=\"text-align: center;\"><span style=\"color: #3366ff;\"><strong><a style=\"color: #3366ff;\" href=\"https:\/\/www.futboltotal.com.mx\/2016\/08\/alan-pulido-ya-tendria-fecha-presentacion-en-chivas\/\">LEER M\u00c1S: Ya habr\u00eda fecha para confirmar a Alan Pulido<\/a><\/strong><\/span><\/p>\n<p>Despu\u00e9s de la sesi\u00f3n, el jugador se ha desplazado al Camp Nou, donde le esperaba el presidente de la entidad, Josep Maria Bartomeu, para darle una recepci\u00f3n y la bienvenida en el palco del estadio, donde tras el acto privado se ha vestido de corto y ha saltado al campo para someterse a la cl\u00e1sica sesi\u00f3n fotogr\u00e1fica.<\/p>\n<p>Acerca del entrenamiento, el <strong>Barcelona<\/strong> ha concedido permiso a Sergi Samper, quien est\u00e1 tramitando su cesi\u00f3n con el Granada, aunque el equipo catal\u00e1n a\u00fan no ha dado oficialidad a esta marcha.<\/p>\n<blockquote class=\"twitter-tweet\" data-lang=\"es\">\n<p dir=\"ltr\" lang=\"es\"> Jasper Cillessen y su presentaci\u00f3n en el Camp Nou <a href=\"https:\/\/t.co\/Xf74qn0qcp\">https:\/\/t.co\/Xf74qn0qcp<\/a> <a href=\"https:\/\/twitter.com\/hashtag\/FCBlive?src=hash\">#FCBlive<\/a> <a href=\"https:\/\/t.co\/1aWLb7O7Zj\">pic.twitter.com\/1aWLb7O7Zj<\/a><\/p>\n<p>\u2014 FC Barcelona (@FCBarcelona_es) <a href=\"https:\/\/twitter.com\/FCBarcelona_es\/status\/769173863326420992\">26 de agosto de 2016<\/a><\/p><\/blockquote>\n<p><script async src=\"\/\/platform.twitter.com\/widgets.js\" charset=\"utf-8\"><\/script><\/p>\n<p style=\"text-align: center;\"><strong><span style=\"color: #3366ff;\">LEER M\u00c1S:<a style=\"color: #3366ff;\" href=\"https:\/\/www.futboltotal.com.mx\/2016\/08\/monterrey-le-niena-sueno-europeo-a-cesar-montes\/\"> Monterrey le niega el sue\u00f1o europeo a C\u00e9sar Montes<\/a><\/span><\/strong><\/p>\n<p>Luis Enrique Mart\u00ednez ha vuelto a dirigir la sesi\u00f3n preparatoria, que ha sido a puerta cerrada como es habitual, y en ella han participado todo los jugadores del primer equipo, as\u00ed como tres jugadores del filial (Marlon, Gumbau y C\u00e1mara). EFE<\/p>\n","protected":false},"excerpt":{"rendered":"<p>Cillessen entren\u00f3 junto a Ter Stegen<\/p>\n","protected":false},"author":20,"featured_media":422536,"comment_status":"closed","ping_status":"closed","sticky":false,"template":"","format":"standard","meta":[],"categories":[3839,3844,5951],"tags":[5984,7358],"_links":{"self":[{"href":"http:\/\/desarrollo.grupomedios.com\/futbol\/wp-json\/wp\/v2\/posts\/422534"}],"collection":[{"href":"http:\/\/desarrollo.grupomedios.com\/futbol\/wp-json\/wp\/v2\/posts"}],"about":[{"href":"http:\/\/desarrollo.grupomedios.com\/futbol\/wp-json\/wp\/v2\/types\/post"}],"author":[{"embeddable":true,"href":"http:\/\/desarrollo.grupomedios.com\/futbol\/wp-json\/wp\/v2\/users\/20"}],"replies":[{"embeddable":true,"href":"http:\/\/desarrollo.grupomedios.com\/futbol\/wp-json\/wp\/v2\/comments?post=422534"}],"version-history":[{"count":0,"href":"http:\/\/desarrollo.grupomedios.com\/futbol\/wp-json\/wp\/v2\/posts\/422534\/revisions"}],"wp:featuredmedia":[{"embeddable":true,"href":"http:\/\/desarrollo.grupomedios.com\/futbol\/wp-json\/wp\/v2\/media\/422536"}],"wp:attachment":[{"href":"http:\/\/desarrollo.grupomedios.com\/futbol\/wp-json\/wp\/v2\/media?parent=422534"}],"wp:term":[{"taxonomy":"category","embeddable":true,"href":"http:\/\/desarrollo.grupomedios.com\/futbol\/wp-json\/wp\/v2\/categories?post=422534"},{"taxonomy":"post_tag","embeddable":true,"href":"http:\/\/desarrollo.grupomedios.com\/futbol\/wp-json\/wp\/v2\/tags?post=422534"}],"curies":[{"name":"wp","href":"https:\/\/api.w.org\/{rel}","templated":true}]}}