{"id":422554,"date":"2016-08-26T12:12:49","date_gmt":"2016-08-26T17:12:49","guid":{"rendered":"https:\/\/www.futboltotal.com.mx\/?p=422554"},"modified":"2016-08-26T12:13:48","modified_gmt":"2016-08-26T17:13:48","slug":"zidane-hablo-james-en-madrid","status":"publish","type":"post","link":"http:\/\/desarrollo.grupomedios.com\/futbol\/futbol-internacional\/zidane-hablo-james-en-madrid\/2016\/08","title":{"rendered":"Zidane habl\u00f3 sobre el futuro de James en el Madrid"},"content":{"rendered":"<p><strong>Zinedine <span class=\"classCadenaBusqueda\">Zidane<\/span><\/strong>, entrenador del <strong>Real Madrid<\/strong>, volvi\u00f3 a hablar este viernes sobre el futuro del colombiano <strong>James Rodr\u00edguez<\/strong> y declar\u00f3 que &#8220;a veces&#8221; contesta preguntas sobre su futbolista y &#8220;parece&#8221; que da la sensaci\u00f3n de que, por sus palabras, quiere que se marche del club blanco.<\/p>\n<p>El t\u00e9cnico franc\u00e9s se refiri\u00f3 de nuevo al centrocampista sudamericano. A pocos d\u00edas para el cierre del mercado de verano, James podr\u00eda disputar este s\u00e1bado ante el Celta su \u00faltimo partido con el <strong>Real Madrid<\/strong> si finalmente es traspasado. <strong><span class=\"classCadenaBusqueda\">Zidane<\/span><\/strong> record\u00f3 que <strong>James<\/strong> pertenece a la disciplina madridista.<\/p>\n<p>&#8220;<strong>James<\/strong> es un jugador del <strong>Real Madrid<\/strong>. Me pregunt\u00e1is siempre lo mismo y responder\u00e9 lo mismo. A veces parece que contesto y parece que quiero que <strong>James<\/strong> se vaya. Tiene contrato, es verdad que ha jugado menos y no es un problema. Intento que los jugadores sean importantes y <strong>James<\/strong> es igual que los dem\u00e1s. Hablo en colectivo con todos. \u00bfSi yo habl\u00e9 con \u00e9l \u00faltimamente? no&#8221;, dijo.<\/p>\n<p style=\"text-align: center;\"><strong><span style=\"color: #3366ff;\"><a style=\"color: #3366ff;\" href=\"https:\/\/www.futboltotal.com.mx\/2016\/08\/chicharito-agradecio-apoyo-tras-lesion\/\">LEER M\u00c1S: Chicharito agradeci\u00f3 apoyo tras su lesi\u00f3n<\/a><\/span><\/strong><\/p>\n<p>&#8220;Puede pasar de todo hasta el d\u00eda 31. La plantilla hoy es est\u00e1 y estoy contento con los jugadores que tengo. Hay jugadores lesionados que no han vuelto todav\u00eda. Somos bastantes y la temporada va a ser muy complicada. Vamos a necesitar de todos los jugadores&#8221;, agreg\u00f3.<\/p>\n<blockquote class=\"twitter-tweet\" data-lang=\"es\">\n<p dir=\"ltr\" lang=\"es\">Zidane: \u201cEs el primer partido en casa y queremos hacerlo lo mejor posible.\u201d<\/p>\n<p><a href=\"https:\/\/t.co\/Gjs2xju8fG\">https:\/\/t.co\/Gjs2xju8fG<\/a><a href=\"https:\/\/twitter.com\/hashtag\/RMLiga?src=hash\">#RMLiga<\/a> <a href=\"https:\/\/t.co\/SEDEClHQAg\">pic.twitter.com\/SEDEClHQAg<\/a><\/p>\n<p>\u2014 Real Madrid C. F. (@realmadrid) <a href=\"https:\/\/twitter.com\/realmadrid\/status\/769162503129538560\">26 de agosto de 2016<\/a><\/p><\/blockquote>\n<p><script async src=\"\/\/platform.twitter.com\/widgets.js\" charset=\"utf-8\"><\/script><\/p>\n<p>El entrenador del <strong>Real Madrid<\/strong> quiso dejar claro que todos los jugadores que juegan en su equipo &#8220;son importantes&#8221; y asegur\u00f3 que aquellos que deseen disfrutar de minutos tienen que demostrarlo.<br \/>\n&#8220;Voy a valorar el trabajo de todos mis jugadores y cuando est\u00e9 toda la plantilla lista ser\u00e1 mi problema hacer el once inicial. Es cierto que habr\u00e1 jugadores que se quedar\u00e1n en la grada viendo el partido&#8221;, afirm\u00f3.<\/p>\n<p>Tambi\u00e9n fue cuestionado por varios nombres de la plantilla blanca y analiz\u00f3 la situaci\u00f3n y las actuaciones de \u00c1lvaro Morata o Marcelo, que volvi\u00f3 a ser convocado por la selecci\u00f3n brasile\u00f1a despu\u00e9s de un tiempo ausente.<\/p>\n<p style=\"text-align: center;\"><span style=\"color: #3366ff;\"><strong><a style=\"color: #3366ff;\" href=\"https:\/\/www.futboltotal.com.mx\/2016\/08\/monterrey-le-niena-sueno-europeo-a-cesar-montes\/\">LEER M\u00c1S: Monterrey le niega el sue\u00f1o europeo a C\u00e9sar Montes<\/a><\/strong><\/span><\/p>\n<p>&#8220;A Morata le pido lo que est\u00e1 haciendo. Y si puede meter un gol ma\u00f1ana, perfecto. Estoy muy contento con el trabajo que hace. F\u00edsicamente est\u00e1 mejor, trabajando bien y en buena din\u00e1mica. Siempre ha luchado. Corre y tiene esta parte importante cuando no tiene el bal\u00f3n. Le voy a pedir lo mismo, que siga en esta l\u00ednea. Y si marca, mejor&#8221;, explic\u00f3.<\/p>\n<p>&#8220;No est\u00e1 mejor ahora que antes. Marcelo es Marcelo, es \u00fanico y muy bueno. Me alegro mucho por su convocatoria y que est\u00e9 con su pa\u00eds. Es importante en el <strong>Real Madrid<\/strong> y tiene que ser importante con su pa\u00eds&#8221;, coment\u00f3.<\/p>\n<blockquote class=\"twitter-tweet\" data-lang=\"es\">\n<p dir=\"ltr\" lang=\"es\">\u26bd<br \/>\n\u00a1Todo a punto para el primer partido de Liga ante nuestra afici\u00f3n!<a href=\"https:\/\/twitter.com\/hashtag\/RMCity?src=hash\">#RMCity<\/a> <a href=\"https:\/\/twitter.com\/hashtag\/RMLiga?src=hash\">#RMLiga<\/a> <a href=\"https:\/\/twitter.com\/hashtag\/HalaMadrid?src=hash\">#HalaMadrid<\/a> <a href=\"https:\/\/t.co\/Xbf13DMPNo\">pic.twitter.com\/Xbf13DMPNo<\/a><\/p>\n<p>\u2014 Real Madrid C. F. (@realmadrid) <a href=\"https:\/\/twitter.com\/realmadrid\/status\/769128836491571200\">26 de agosto de 2016<\/a><\/p><\/blockquote>\n<p><script async src=\"\/\/platform.twitter.com\/widgets.js\" charset=\"utf-8\"><\/script><\/p>\n<p>Por \u00faltimo, habl\u00f3 sobre el partido ante el Celta de Vigo y reconoci\u00f3 que es &#8220;ilusionante&#8221; porque es el primero que tiene que disputar el <strong>Real Madrid<\/strong> en su estadio ante su afici\u00f3n.<\/p>\n<p>&#8220;Empezamos muy bien la Liga en un campo dif\u00edcil y tenemos nuestro primer partido en casa ante un rival muy bueno. Sabemos la calidad que tiene y estamos preparados para jugar el partido de ma\u00f1ana. Creo que la afici\u00f3n va a venir al campo y eso es muy bueno para nosotros, tener el campo lleno&#8221;, finaliz\u00f3. EFE<\/p>\n","protected":false},"excerpt":{"rendered":"<p>Zidane explic\u00f3 que el colombiano sigue siendo parte del equipo<\/p>\n","protected":false},"author":144,"featured_media":422556,"comment_status":"closed","ping_status":"closed","sticky":false,"template":"","format":"standard","meta":[],"categories":[3839,3844,5951],"tags":[6082,5988],"_links":{"self":[{"href":"http:\/\/desarrollo.grupomedios.com\/futbol\/wp-json\/wp\/v2\/posts\/422554"}],"collection":[{"href":"http:\/\/desarrollo.grupomedios.com\/futbol\/wp-json\/wp\/v2\/posts"}],"about":[{"href":"http:\/\/desarrollo.grupomedios.com\/futbol\/wp-json\/wp\/v2\/types\/post"}],"author":[{"embeddable":true,"href":"http:\/\/desarrollo.grupomedios.com\/futbol\/wp-json\/wp\/v2\/users\/144"}],"replies":[{"embeddable":true,"href":"http:\/\/desarrollo.grupomedios.com\/futbol\/wp-json\/wp\/v2\/comments?post=422554"}],"version-history":[{"count":0,"href":"http:\/\/desarrollo.grupomedios.com\/futbol\/wp-json\/wp\/v2\/posts\/422554\/revisions"}],"wp:featuredmedia":[{"embeddable":true,"href":"http:\/\/desarrollo.grupomedios.com\/futbol\/wp-json\/wp\/v2\/media\/422556"}],"wp:attachment":[{"href":"http:\/\/desarrollo.grupomedios.com\/futbol\/wp-json\/wp\/v2\/media?parent=422554"}],"wp:term":[{"taxonomy":"category","embeddable":true,"href":"http:\/\/desarrollo.grupomedios.com\/futbol\/wp-json\/wp\/v2\/categories?post=422554"},{"taxonomy":"post_tag","embeddable":true,"href":"http:\/\/desarrollo.grupomedios.com\/futbol\/wp-json\/wp\/v2\/tags?post=422554"}],"curies":[{"name":"wp","href":"https:\/\/api.w.org\/{rel}","templated":true}]}}