{"id":422884,"date":"2016-08-27T06:50:39","date_gmt":"2016-08-27T11:50:39","guid":{"rendered":"https:\/\/www.futboltotal.com.mx\/?p=422884"},"modified":"2016-08-27T15:11:34","modified_gmt":"2016-08-27T20:11:34","slug":"barcelona-cerca-amarrar-paco-alcacer","status":"publish","type":"post","link":"http:\/\/desarrollo.grupomedios.com\/futbol\/destacado-home\/barcelona-cerca-amarrar-paco-alcacer\/2016\/08","title":{"rendered":"\u00a1Barcelona, cerca de amarrar nuevo delantero!"},"content":{"rendered":"<p>La llegada de <strong>Paco Alc\u00e1cer<\/strong> al <strong>Barcelona<\/strong> es inminente, pues este d\u00eda el espa\u00f1ol ha quedado fuera de la convocatoria para el partido del Valencia ante el Eibar, por lo que el anuncio podr\u00eda darse en cualquier momento.<\/p>\n<p style=\"text-align: center;\"><span style=\"color: #3366ff;\"><strong><a style=\"color: #3366ff;\" href=\"https:\/\/www.futboltotal.com.mx\/2016\/08\/mercado-fichajes-en-europa\/\" target=\"_blank\">LEER M\u00c1S: Mercado de fichajes en Europa<\/a><\/strong><\/span><\/p>\n<p>Durante la <a href=\"https:\/\/www.futboltotal.com.mx\/2016\/08\/cillessen-fue-presentado-realizo-primer-entrenamiento\/\" target=\"_blank\">presentaci\u00f3n de Jasper Cillessen<\/a> con los Blaugranas, el Secretario T\u00e9cnico del club, Robert Fern\u00e1ndez, habl\u00f3 sobre la posible llegada del todav\u00eda jugador del Valencia.<\/p>\n<blockquote class=\"twitter-tweet\" data-lang=\"es\">\n<p dir=\"ltr\" lang=\"es\">Robert Fern\u00e1ndez: &#8220;Alc\u00e1cer nos interesa mucho&#8221; <a href=\"https:\/\/t.co\/dyWFM7JGf1\">https:\/\/t.co\/dyWFM7JGf1<\/a> <a href=\"https:\/\/twitter.com\/hashtag\/FCBlive?src=hash\">#FCBlive<\/a> <a href=\"https:\/\/t.co\/EFYiXjk7Gx\">pic.twitter.com\/EFYiXjk7Gx<\/a><\/p>\n<p>\u2014 FC Barcelona (@FCBarcelona_es) <a href=\"https:\/\/twitter.com\/FCBarcelona_es\/status\/769138424431378432\">26 de agosto de 2016<\/a><\/p><\/blockquote>\n<p><script async src=\"\/\/platform.twitter.com\/widgets.js\" charset=\"utf-8\"><\/script><\/p>\n<p>Seg\u00fan medios espa\u00f1oles, el <em>Bar\u00e7a<\/em> pagar\u00eda 30 millones de euros por el delantero naranjero, adem\u00e1s de incluir a Munir en una posible cesi\u00f3n durante la temporada, aunque a\u00fan no se sabe si est\u00e1 m\u00e1s interesado en ir al Celta de Vigo.<\/p>\n<p>Antes del partido entre el Eibar y el Valencia, se vio a Paco Ayestar\u00e1n y a <strong>Alc\u00e1cer<\/strong> hablar en la cancha, lo que podr\u00eda estar significando una despedida.<\/p>\n<p><img decoding=\"async\" loading=\"lazy\" class=\"alignnone size-full wp-image-422888\" src=\"https:\/\/www.futboltotal.com.mx\/wp-content\/uploads\/2016\/08\/alcacer-y-ayestaran.jpg\" alt=\"alcacer-y-ayestaran\" srcset=\"http:\/\/desarrollo.grupomedios.com\/futbol\/wp-content\/uploads\/2016\/08\/alcacer-y-ayestaran.jpg 858w, http:\/\/desarrollo.grupomedios.com\/futbol\/wp-content\/uploads\/2016\/08\/alcacer-y-ayestaran-300x151.jpg 300w, http:\/\/desarrollo.grupomedios.com\/futbol\/wp-content\/uploads\/2016\/08\/alcacer-y-ayestaran-768x386.jpg 768w, http:\/\/desarrollo.grupomedios.com\/futbol\/wp-content\/uploads\/2016\/08\/alcacer-y-ayestaran-340x171.jpg 340w\" sizes=\"(max-width: 858px) 100vw, 858px\" \/><\/p>\n","protected":false},"excerpt":{"rendered":"<p>Paco Alc\u00e1cer est\u00e1 cerca de llegar con los Blaugranas<\/p>\n","protected":false},"author":20,"featured_media":422886,"comment_status":"closed","ping_status":"closed","sticky":false,"template":"","format":"standard","meta":[],"categories":[5,3839,3844],"tags":[5984,640,6214],"_links":{"self":[{"href":"http:\/\/desarrollo.grupomedios.com\/futbol\/wp-json\/wp\/v2\/posts\/422884"}],"collection":[{"href":"http:\/\/desarrollo.grupomedios.com\/futbol\/wp-json\/wp\/v2\/posts"}],"about":[{"href":"http:\/\/desarrollo.grupomedios.com\/futbol\/wp-json\/wp\/v2\/types\/post"}],"author":[{"embeddable":true,"href":"http:\/\/desarrollo.grupomedios.com\/futbol\/wp-json\/wp\/v2\/users\/20"}],"replies":[{"embeddable":true,"href":"http:\/\/desarrollo.grupomedios.com\/futbol\/wp-json\/wp\/v2\/comments?post=422884"}],"version-history":[{"count":0,"href":"http:\/\/desarrollo.grupomedios.com\/futbol\/wp-json\/wp\/v2\/posts\/422884\/revisions"}],"wp:featuredmedia":[{"embeddable":true,"href":"http:\/\/desarrollo.grupomedios.com\/futbol\/wp-json\/wp\/v2\/media\/422886"}],"wp:attachment":[{"href":"http:\/\/desarrollo.grupomedios.com\/futbol\/wp-json\/wp\/v2\/media?parent=422884"}],"wp:term":[{"taxonomy":"category","embeddable":true,"href":"http:\/\/desarrollo.grupomedios.com\/futbol\/wp-json\/wp\/v2\/categories?post=422884"},{"taxonomy":"post_tag","embeddable":true,"href":"http:\/\/desarrollo.grupomedios.com\/futbol\/wp-json\/wp\/v2\/tags?post=422884"}],"curies":[{"name":"wp","href":"https:\/\/api.w.org\/{rel}","templated":true}]}}