{"id":422896,"date":"2016-08-27T13:25:19","date_gmt":"2016-08-27T18:25:19","guid":{"rendered":"https:\/\/www.futboltotal.com.mx\/?p=422896"},"modified":"2016-08-27T13:28:14","modified_gmt":"2016-08-27T18:28:14","slug":"donnarumma-rompe-historico-record-en-italia","status":"publish","type":"post","link":"http:\/\/desarrollo.grupomedios.com\/futbol\/futbol-internacional\/donnarumma-rompe-historico-record-en-italia\/2016\/08","title":{"rendered":"\u00a1Donnarumma rompe hist\u00f3rico r\u00e9cord en Italia!"},"content":{"rendered":"<p>El portero del Milan <strong>Gianluigi Donnarumma<\/strong> se convirti\u00f3 este s\u00e1bado en el futbolista m\u00e1s joven en entrar en una convocatoria de la selecci\u00f3n absoluta italiana en los \u00faltimos 105 a\u00f1os de historia, al llegar a la <em>azzurra<\/em>\u00a0a los 17 a\u00f1os, 6 meses y 2 d\u00edas.<\/p>\n<p><strong>Donnarumma<\/strong> bati\u00f3 el registro del defensa del Inter de Mil\u00e1n Giuseppe Bergomi, que en 1982 fue convocado por el seleccionador Enzo Bearzot a los 18 a\u00f1os y 3 meses, y ser\u00e1 uno de los cuatro futbolistas que debutar\u00e1n con Italia en el pr\u00f3ximo amistoso contra Francia (1 de septiembre).<\/p>\n<blockquote class=\"twitter-tweet\" data-lang=\"es\">\n<p dir=\"ltr\" lang=\"en\"><a href=\"https:\/\/twitter.com\/hashtag\/Azzurri?src=hash\">#Azzurri<\/a> <a href=\"https:\/\/twitter.com\/hashtag\/Ventura?src=hash\">#Ventura<\/a> has announced his squad for matches against <a href=\"https:\/\/twitter.com\/equipedefrance\">@equipedefrance<\/a> and <a href=\"https:\/\/twitter.com\/ISRAELFA\">@ISRAELFA<\/a> ! <a href=\"https:\/\/twitter.com\/hashtag\/VivoAzzurro?src=hash\">#VivoAzzurro<\/a> <a href=\"https:\/\/t.co\/Ej0U4eCfbV\">pic.twitter.com\/Ej0U4eCfbV<\/a><\/p>\n<p>\u2014 Italy (@azzurri) <a href=\"https:\/\/twitter.com\/azzurri\/status\/769489288270610432\">27 de agosto de 2016<\/a><\/p><\/blockquote>\n<p><script async src=\"\/\/platform.twitter.com\/widgets.js\" charset=\"utf-8\"><\/script><\/p>\n<p>Adem\u00e1s de <strong>Donnarumma<\/strong>, el t\u00e9cnico Giampiero Ventura apost\u00f3 tambi\u00e9n por el defensa del Milan Alessio Romagnoli, el delantero del Torino Andrea Belotti y el n\u00famero 9 del G\u00e9nova Leonardo Pavoletti.<\/p>\n<p style=\"text-align: center;\"><span style=\"color: #3366ff;\"><strong>LEER M\u00c1S:\u00a0<a style=\"color: #3366ff;\" href=\"https:\/\/www.futboltotal.com.mx\/2016\/08\/leicester-city-consigue-primer-triunfo-en-la-premier\/\"> Leicester City consigue su primer triunfo en la Premier<\/a><\/strong><\/span><\/p>\n<p>Se trata de un <strong>r\u00e9cord<\/strong> prestigioso para el arquero\u00a0del Milan aunque el registro absoluto de precocidad pertenece a Rodolfo Giovannelli, que se estren\u00f3 con Italia a los 16 a\u00f1os, 3 meses y 8 d\u00edas, en una convocatoria de hace 106 a\u00f1os (1910).<\/p>\n<p><iframe loading=\"lazy\" src=\"https:\/\/www.youtube.com\/embed\/Iq1R0jfYeAY?feature=oembed\" frameborder=\"0\" allowfullscreen><\/iframe><\/p>\n<p><strong>Donnarumma<\/strong>, que debut\u00f3 en la pasada temporada en el Milan a los 16 a\u00f1os y que ya se convirti\u00f3 en un titular fijo de los <em>rossoneri<\/em>, se luci\u00f3 en la primera jornada de la Serie A (Primera Divisi\u00f3n) atajando un penal a Andrea Belotti en el \u00faltimo minuto del duelo contra el Torino.<\/p>\n","protected":false},"excerpt":{"rendered":"<p>Donnarumma ser\u00e1 compa\u00f1ero de Buffon en la Selecci\u00f3n<\/p>\n","protected":false},"author":20,"featured_media":422898,"comment_status":"closed","ping_status":"closed","sticky":false,"template":"","format":"standard","meta":[],"categories":[3839,5951],"tags":[6214,292],"_links":{"self":[{"href":"http:\/\/desarrollo.grupomedios.com\/futbol\/wp-json\/wp\/v2\/posts\/422896"}],"collection":[{"href":"http:\/\/desarrollo.grupomedios.com\/futbol\/wp-json\/wp\/v2\/posts"}],"about":[{"href":"http:\/\/desarrollo.grupomedios.com\/futbol\/wp-json\/wp\/v2\/types\/post"}],"author":[{"embeddable":true,"href":"http:\/\/desarrollo.grupomedios.com\/futbol\/wp-json\/wp\/v2\/users\/20"}],"replies":[{"embeddable":true,"href":"http:\/\/desarrollo.grupomedios.com\/futbol\/wp-json\/wp\/v2\/comments?post=422896"}],"version-history":[{"count":0,"href":"http:\/\/desarrollo.grupomedios.com\/futbol\/wp-json\/wp\/v2\/posts\/422896\/revisions"}],"wp:featuredmedia":[{"embeddable":true,"href":"http:\/\/desarrollo.grupomedios.com\/futbol\/wp-json\/wp\/v2\/media\/422898"}],"wp:attachment":[{"href":"http:\/\/desarrollo.grupomedios.com\/futbol\/wp-json\/wp\/v2\/media?parent=422896"}],"wp:term":[{"taxonomy":"category","embeddable":true,"href":"http:\/\/desarrollo.grupomedios.com\/futbol\/wp-json\/wp\/v2\/categories?post=422896"},{"taxonomy":"post_tag","embeddable":true,"href":"http:\/\/desarrollo.grupomedios.com\/futbol\/wp-json\/wp\/v2\/tags?post=422896"}],"curies":[{"name":"wp","href":"https:\/\/api.w.org\/{rel}","templated":true}]}}