{"id":423614,"date":"2016-08-28T20:30:46","date_gmt":"2016-08-29T01:30:46","guid":{"rendered":"https:\/\/www.futboltotal.com.mx\/?p=423614"},"modified":"2016-08-28T20:30:46","modified_gmt":"2016-08-29T01:30:46","slug":"los-memes-la-jornada-7-del-apertura-2016","status":"publish","type":"post","link":"http:\/\/desarrollo.grupomedios.com\/futbol\/galerias\/los-memes-la-jornada-7-del-apertura-2016\/2016\/08","title":{"rendered":"Los Memes de la jornada 7 del Apertura 2016"},"content":{"rendered":"<p>La <strong>jornada 7 del Apertura 2016<\/strong> tuvo muchas emociones, aunque la mayor\u00eda de los encuentros terminaron en empate, salvo el encuentro entre Necaxa y Quer\u00e9taro, donde los <em>Rayos<\/em> por fin ganaron, y las goleadas de <a href=\"http:\/\/futboltotal.com.mx\/equipos\/guadalajara\/\" target=\"_blank\"><strong>Chivas<\/strong><\/a> y Puebla, sobre <a href=\"http:\/\/futboltotal.com.mx\/equipos\/america\/\" target=\"_blank\"><strong>Am\u00e9rica<\/strong><\/a> y Chiapas, respectivamente, a domicilio.<\/p>\n<p>Pero los <strong>Memes<\/strong> se enfocaron en el <em>Cl\u00e1sico Nacional<\/em> y en <a href=\"https:\/\/www.futboltotal.com.mx\/2016\/08\/mundo-del-futbol-despide-a-juan-gabriel\/\" target=\"_blank\">Juan Gabriel<\/a>, quien perdi\u00f3 la vida durante el cierre de la jornada 7.<\/p>\n<p style=\"text-align: center;\"><span style=\"color: #3366ff;\"><a style=\"color: #3366ff;\" href=\"http:\/\/futboltotal.com.mx\/resultados\/resultados-liga-mx\/\" target=\"_blank\"><strong>LEER M\u00c1S: Resultados de la jornada 7 del Apertura 2016<\/strong><\/a><\/span><\/p>\n<div id=\"galleryfAk\" style=\"display:none;\"><img alt=\"\" src=\"http:\/\/desarrollo.grupomedios.com\/futbol\/wp-content\/uploads\/2016\/08\/memes-jornada-7-1.jpg\" data-image=\"http:\/\/desarrollo.grupomedios.com\/futbol\/wp-content\/uploads\/2016\/08\/memes-jornada-7-1.jpg\" data-description=\"memes jornada 7 1\"><img alt=\"\" src=\"http:\/\/desarrollo.grupomedios.com\/futbol\/wp-content\/uploads\/2016\/08\/memes-jornada-7-8.jpg\" data-image=\"http:\/\/desarrollo.grupomedios.com\/futbol\/wp-content\/uploads\/2016\/08\/memes-jornada-7-8.jpg\" data-description=\"memes jornada 7 8\"><img alt=\"\" src=\"http:\/\/desarrollo.grupomedios.com\/futbol\/wp-content\/uploads\/2016\/08\/memes-jornada-7-3.jpg\" data-image=\"http:\/\/desarrollo.grupomedios.com\/futbol\/wp-content\/uploads\/2016\/08\/memes-jornada-7-3.jpg\" data-description=\"memes jornada 7 3\"><img alt=\"\" src=\"http:\/\/desarrollo.grupomedios.com\/futbol\/wp-content\/uploads\/2016\/08\/memes-jornada-7-4.jpg\" data-image=\"http:\/\/desarrollo.grupomedios.com\/futbol\/wp-content\/uploads\/2016\/08\/memes-jornada-7-4.jpg\" data-description=\"memes jornada 7 4\"><img alt=\"\" src=\"http:\/\/desarrollo.grupomedios.com\/futbol\/wp-content\/uploads\/2016\/08\/memes-jornada-7-5.jpg\" data-image=\"http:\/\/desarrollo.grupomedios.com\/futbol\/wp-content\/uploads\/2016\/08\/memes-jornada-7-5.jpg\" data-description=\"memes jornada 7 5\"><img alt=\"\" src=\"http:\/\/desarrollo.grupomedios.com\/futbol\/wp-content\/uploads\/2016\/08\/memes-jornada-7-6.jpg\" data-image=\"http:\/\/desarrollo.grupomedios.com\/futbol\/wp-content\/uploads\/2016\/08\/memes-jornada-7-6.jpg\" data-description=\"memes jornada 7 6\"><img alt=\"\" src=\"http:\/\/desarrollo.grupomedios.com\/futbol\/wp-content\/uploads\/2016\/08\/memes-jornada-7-7.png\" data-image=\"http:\/\/desarrollo.grupomedios.com\/futbol\/wp-content\/uploads\/2016\/08\/memes-jornada-7-7.png\" data-description=\"memes jornada 7 7\"><img alt=\"\" src=\"http:\/\/desarrollo.grupomedios.com\/futbol\/wp-content\/uploads\/2016\/08\/memes-jornada-7.jpg\" data-image=\"http:\/\/desarrollo.grupomedios.com\/futbol\/wp-content\/uploads\/2016\/08\/memes-jornada-7.jpg\" data-description=\"memes jornada 7\"><\/div>\n        <script>\n        \/\/galeria 1\n        jQuery(document).ready(function(){ \n            var api;\n            api = jQuery(\"#galleryfAk\").unitegallery({\n                carousel_autoplay: false\n            }); \n        });\n        <\/script>\n        \n","protected":false},"excerpt":{"rendered":"<p>\u00a1Lleg\u00f3 la descripci\u00f3n gr\u00e1fica de la \u00faltima fecha antes del receso!<\/p>\n","protected":false},"author":20,"featured_media":423634,"comment_status":"closed","ping_status":"closed","sticky":false,"template":"","format":"standard","meta":[],"categories":[2198,3,3845,6409],"tags":[4949],"_links":{"self":[{"href":"http:\/\/desarrollo.grupomedios.com\/futbol\/wp-json\/wp\/v2\/posts\/423614"}],"collection":[{"href":"http:\/\/desarrollo.grupomedios.com\/futbol\/wp-json\/wp\/v2\/posts"}],"about":[{"href":"http:\/\/desarrollo.grupomedios.com\/futbol\/wp-json\/wp\/v2\/types\/post"}],"author":[{"embeddable":true,"href":"http:\/\/desarrollo.grupomedios.com\/futbol\/wp-json\/wp\/v2\/users\/20"}],"replies":[{"embeddable":true,"href":"http:\/\/desarrollo.grupomedios.com\/futbol\/wp-json\/wp\/v2\/comments?post=423614"}],"version-history":[{"count":0,"href":"http:\/\/desarrollo.grupomedios.com\/futbol\/wp-json\/wp\/v2\/posts\/423614\/revisions"}],"wp:featuredmedia":[{"embeddable":true,"href":"http:\/\/desarrollo.grupomedios.com\/futbol\/wp-json\/wp\/v2\/media\/423634"}],"wp:attachment":[{"href":"http:\/\/desarrollo.grupomedios.com\/futbol\/wp-json\/wp\/v2\/media?parent=423614"}],"wp:term":[{"taxonomy":"category","embeddable":true,"href":"http:\/\/desarrollo.grupomedios.com\/futbol\/wp-json\/wp\/v2\/categories?post=423614"},{"taxonomy":"post_tag","embeddable":true,"href":"http:\/\/desarrollo.grupomedios.com\/futbol\/wp-json\/wp\/v2\/tags?post=423614"}],"curies":[{"name":"wp","href":"https:\/\/api.w.org\/{rel}","templated":true}]}}