{"id":423650,"date":"2016-08-28T21:40:18","date_gmt":"2016-08-29T02:40:18","guid":{"rendered":"https:\/\/www.futboltotal.com.mx\/?p=423650"},"modified":"2016-08-28T21:40:18","modified_gmt":"2016-08-29T02:40:18","slug":"tv-costa-rica-se-burla-mexicanos","status":"publish","type":"post","link":"http:\/\/desarrollo.grupomedios.com\/futbol\/futbol-internacional\/tv-costa-rica-se-burla-mexicanos\/2016\/08","title":{"rendered":"TV de Costa Rica se burla de mexicanos"},"content":{"rendered":"<p>Este domingo 28 de agosto, el <strong>Porto<\/strong> perdi\u00f3 el Cl\u00e1sico ante el <strong>Sporting de Lisboa<\/strong>, donde tuvieron acci\u00f3n los futbolistas mexicanos, Miguel Lay\u00fan, H\u00e9ctor Herrera y Jes\u00fas Corona; sin embargo, en el cuadro rival hab\u00eda participaci\u00f3n de dos jugadores Ticos, raz\u00f3n por la que un canal de Costa Rica, tundi\u00f3 a los jugadores <em>aztecas<\/em>.<\/p>\n<p>El marcador fue de 2-1 a favor del<strong> Sporting<\/strong>, donde juegan los futbolistas seleccionados de Costa Rica, Bryan Ruiz y Joel Campbell. Con ello, <strong>TDM\u00e1s<\/strong>, trolleo a <strong>Porto<\/strong> y a los mexicanos, con Memes contundentes.<\/p>\n<p style=\"text-align: center;\"><span style=\"color: #3366ff;\"><a style=\"color: #3366ff;\" href=\"https:\/\/www.futboltotal.com.mx\/2016\/08\/mexicanos-pierden-clasico-porto\/\" target=\"_blank\"><strong>LEER M\u00c1S: Porto cae en el Cl\u00e1sico ante Sporting<\/strong><\/a><\/span><\/p>\n<blockquote class=\"twitter-tweet\" data-lang=\"es\">\n<p dir=\"ltr\" lang=\"es\">El Sporting de los ticos derroto 2-1 al Porto de los mexicanos&#8230; <a href=\"https:\/\/t.co\/3bGSTZTVlD\">pic.twitter.com\/3bGSTZTVlD<\/a><\/p>\n<p>\u2014 TDM\u00e1s (@tdmas_cr) <a href=\"https:\/\/twitter.com\/tdmas_cr\/status\/769972382798872577\">28 de agosto de 2016<\/a><\/p><\/blockquote>\n<p><script async src=\"\/\/platform.twitter.com\/widgets.js\" charset=\"utf-8\"><\/script><\/p>\n<blockquote class=\"twitter-tweet\" data-lang=\"es\">\n<p dir=\"ltr\" lang=\"es\">Ya, mucho por hoy  <a href=\"https:\/\/t.co\/EBhQVlFawD\">pic.twitter.com\/EBhQVlFawD<\/a><\/p>\n<p>\u2014 TDM\u00e1s (@tdmas_cr) <a href=\"https:\/\/twitter.com\/tdmas_cr\/status\/770072906953060358\">29 de agosto de 2016<\/a><\/p><\/blockquote>\n<p><script async src=\"\/\/platform.twitter.com\/widgets.js\" charset=\"utf-8\"><\/script><\/p>\n<blockquote class=\"twitter-tweet\" data-conversation=\"none\" data-lang=\"es\">\n<p dir=\"ltr\" lang=\"es\">Ya casi viene la Hexagonal y nosotros con ganas de comer tacos <a href=\"https:\/\/t.co\/gHfeNcxPZd\">pic.twitter.com\/gHfeNcxPZd<\/a><\/p>\n<p>\u2014 TDM\u00e1s (@tdmas_cr) <a href=\"https:\/\/twitter.com\/tdmas_cr\/status\/769974164488847360\">28 de agosto de 2016<\/a><\/p><\/blockquote>\n<p><script async src=\"\/\/platform.twitter.com\/widgets.js\" charset=\"utf-8\"><\/script><\/p>\n","protected":false},"excerpt":{"rendered":"<p>Tras el Sporting vs Porto, medio tico tundi\u00f3 a dragones aztecas<\/p>\n","protected":false},"author":20,"featured_media":423652,"comment_status":"closed","ping_status":"closed","sticky":false,"template":"","format":"standard","meta":[],"categories":[5419,3839,5951],"tags":[5995,7179,1035,1208],"_links":{"self":[{"href":"http:\/\/desarrollo.grupomedios.com\/futbol\/wp-json\/wp\/v2\/posts\/423650"}],"collection":[{"href":"http:\/\/desarrollo.grupomedios.com\/futbol\/wp-json\/wp\/v2\/posts"}],"about":[{"href":"http:\/\/desarrollo.grupomedios.com\/futbol\/wp-json\/wp\/v2\/types\/post"}],"author":[{"embeddable":true,"href":"http:\/\/desarrollo.grupomedios.com\/futbol\/wp-json\/wp\/v2\/users\/20"}],"replies":[{"embeddable":true,"href":"http:\/\/desarrollo.grupomedios.com\/futbol\/wp-json\/wp\/v2\/comments?post=423650"}],"version-history":[{"count":0,"href":"http:\/\/desarrollo.grupomedios.com\/futbol\/wp-json\/wp\/v2\/posts\/423650\/revisions"}],"wp:featuredmedia":[{"embeddable":true,"href":"http:\/\/desarrollo.grupomedios.com\/futbol\/wp-json\/wp\/v2\/media\/423652"}],"wp:attachment":[{"href":"http:\/\/desarrollo.grupomedios.com\/futbol\/wp-json\/wp\/v2\/media?parent=423650"}],"wp:term":[{"taxonomy":"category","embeddable":true,"href":"http:\/\/desarrollo.grupomedios.com\/futbol\/wp-json\/wp\/v2\/categories?post=423650"},{"taxonomy":"post_tag","embeddable":true,"href":"http:\/\/desarrollo.grupomedios.com\/futbol\/wp-json\/wp\/v2\/tags?post=423650"}],"curies":[{"name":"wp","href":"https:\/\/api.w.org\/{rel}","templated":true}]}}