{"id":423696,"date":"2016-08-29T10:50:54","date_gmt":"2016-08-29T15:50:54","guid":{"rendered":"https:\/\/www.futboltotal.com.mx\/?p=423696"},"modified":"2016-08-29T16:33:33","modified_gmt":"2016-08-29T21:33:33","slug":"11-ideal-la-jornada-7-apertura-2016","status":"publish","type":"post","link":"http:\/\/desarrollo.grupomedios.com\/futbol\/futbol-mexicano\/11-ideal-la-jornada-7-apertura-2016\/2016\/08","title":{"rendered":"11 ideal de la jornada 7 | Apertura 2016"},"content":{"rendered":"<p>La jornada 7 del Apertura 2016 dej\u00f3 gratas sorpresas, pues <a href=\"http:\/\/www.futboltotal.com.mx\/equipos\/guadalajara\/\" target=\"_blank\"><strong>Chivas<\/strong><\/a> vapule\u00f3 al <a href=\"http:\/\/www.futboltotal.com.mx\/equipos\/america\/\" target=\"_blank\"><strong>Am\u00e9rica<\/strong><\/a> a domicilio, de igual forma que <a href=\"http:\/\/www.futboltotal.com.mx\/equipos\/puebla\/\" target=\"_blank\"><strong>Puebla<\/strong><\/a> a su hermano menor, <strong><a href=\"http:\/\/www.futboltotal.com.mx\/equipos\/chiapas\/\" target=\"_blank\">Chiapas<\/a>,<\/strong> adem\u00e1s de que <a href=\"http:\/\/www.futboltotal.com.mx\/equipos\/necaxa\/\" target=\"_blank\"><strong>Necaxa<\/strong><\/a> obtuvo su primera victoria; por ello, jugadores de esos tres equipos victoriosos, figuraron en este 11 ideal, ya que casi todos los encuentros restantes, terminaron en empate.<\/p>\n<p style=\"text-align: center;\"><span style=\"color: #3366ff;\"><a style=\"color: #3366ff;\" href=\"https:\/\/www.futboltotal.com.mx\/2016\/08\/chivas-regresa-a-puestos-protagonicos\/\" target=\"_blank\"><strong>LEER M\u00c1S: El resumen de la jornada 7<\/strong><\/a><\/span><\/p>\n<p style=\"text-align: center;\"><a href=\"https:\/\/www.futboltotal.com.mx\/wp-content\/uploads\/2016\/08\/11idealap16-jornada-7.jpg\"><img decoding=\"async\" loading=\"lazy\" class=\"alignnone size-full wp-image-423698\" src=\"https:\/\/www.futboltotal.com.mx\/wp-content\/uploads\/2016\/08\/11idealap16-jornada-7.jpg\" alt=\"11idealap16-jornada-7\" srcset=\"http:\/\/desarrollo.grupomedios.com\/futbol\/wp-content\/uploads\/2016\/08\/11idealap16-jornada-7.jpg 858w, http:\/\/desarrollo.grupomedios.com\/futbol\/wp-content\/uploads\/2016\/08\/11idealap16-jornada-7-215x300.jpg 215w, http:\/\/desarrollo.grupomedios.com\/futbol\/wp-content\/uploads\/2016\/08\/11idealap16-jornada-7-768x1071.jpg 768w, http:\/\/desarrollo.grupomedios.com\/futbol\/wp-content\/uploads\/2016\/08\/11idealap16-jornada-7-735x1024.jpg 735w\" sizes=\"(max-width: 858px) 100vw, 858px\" \/><\/a><\/p>\n<p><strong>Agust\u00edn Marches\u00edn | <a href=\"http:\/\/www.futboltotal.com.mx\/equipos\/santos\/\" target=\"_blank\">Santos<\/a><\/strong> | Con grandes atajadas, evit\u00f3 que <em>la Comarca<\/em> cayera cuando Le\u00f3n dominaba el encuentro.<\/p>\n<p><strong>Michael Orozco | <a href=\"http:\/\/www.futboltotal.com.mx\/equipos\/tijuana\/\" target=\"_blank\">Xolos<\/a><\/strong> | Regularmente, el lateral de Tijuana hace un buen trabajo, y contra Pumas no fue la excepci\u00f3n, al grado de colaborar para que su club se mantenga en la cima del torneo.<\/p>\n<p><strong>Hedgardo Mar\u00edn | Chivas<\/strong> | Todos pensaban que tras la salida de Salcedo, Oswaldo Alan\u00eds tomar\u00eda el lugar en el 11 titular; no obstante, Hedgardo asumi\u00f3 el puesto con gran categor\u00eda, al nulificar a los <em>azulcremas.<\/em><\/p>\n<p><strong>Edgar Due\u00f1as | Puebla<\/strong> | Respondi\u00f3 a la confianza que le dio Ricardo Vali\u00f1o, al alinearlo nuevamente; pues volvi\u00f3 a marcar, para ahora darle tres puntos a<em> la Franja.<\/em><\/p>\n<p><strong>Juan Carlos Valenzuela | Xolos<\/strong> | Hac\u00eda tiempo que el <em>Topo<\/em> no destacaba tanto, pero por fin se ha adaptado con <em>Piojo<\/em> en Tijuana.<\/p>\n<p><strong>Javier L\u00f3pez | Chivas<\/strong> | Como repartidor ejemplar, <em>Chofis<\/em> hizo trizas al Am\u00e9rica, al poner dos de las asistencias con las que vapulearon a las <em>\u00c1guilas<\/em>.<\/p>\n<p><strong>Jonathan Urretaviscaya | <a href=\"http:\/\/www.futboltotal.com.mx\/equipos\/pachuca\/\" target=\"_blank\">Pachuca<\/a><\/strong> | Parece que cada encuentro eleva su nivel, pues antes no se daba a notar tanto, pero ahora, hasta con goles se adjudica como uno de los l\u00edderes hidalguenses.<\/p>\n<p><strong>Isaac Brizuela | Chivas<\/strong> | Cone festej\u00f3 las v\u00edsperas de su cumplea\u00f1os con un doblete frente al odiado rival, y una asistencia con la que sellaron una goleada inolvidable.<\/p>\n<p><strong>Edson Puch | Necaxa<\/strong> | Sigue mostr\u00e1ndose como uno de los mejores refuerzos del torneo, y ahora volvi\u00f3 a anotar, pero esta vez, los <em>Rayos<\/em> s\u00ed ganaron.<\/p>\n<p><strong>Mat\u00edas Alustiza | Puebla<\/strong> | Con doblete frente a Chiapas, el <em>Chavo<\/em> destac\u00f3 entre los mejores arietes de la jornada 7.<\/p>\n<p><strong>Jonathan Rodr\u00edguez | Santos<\/strong> | El delantero es el mejor futbolista de su equipo, al ser quien m\u00e1s dispara a puerta y haberle dado la victoria a su equipo.<\/p>\n","protected":false},"excerpt":{"rendered":"<p>El 11 ideal de la jornada 7 del Apertura 2016<\/p>\n","protected":false},"author":20,"featured_media":423700,"comment_status":"closed","ping_status":"closed","sticky":false,"template":"","format":"standard","meta":[],"categories":[2198,3845,5950],"tags":[5623,6927],"_links":{"self":[{"href":"http:\/\/desarrollo.grupomedios.com\/futbol\/wp-json\/wp\/v2\/posts\/423696"}],"collection":[{"href":"http:\/\/desarrollo.grupomedios.com\/futbol\/wp-json\/wp\/v2\/posts"}],"about":[{"href":"http:\/\/desarrollo.grupomedios.com\/futbol\/wp-json\/wp\/v2\/types\/post"}],"author":[{"embeddable":true,"href":"http:\/\/desarrollo.grupomedios.com\/futbol\/wp-json\/wp\/v2\/users\/20"}],"replies":[{"embeddable":true,"href":"http:\/\/desarrollo.grupomedios.com\/futbol\/wp-json\/wp\/v2\/comments?post=423696"}],"version-history":[{"count":0,"href":"http:\/\/desarrollo.grupomedios.com\/futbol\/wp-json\/wp\/v2\/posts\/423696\/revisions"}],"wp:featuredmedia":[{"embeddable":true,"href":"http:\/\/desarrollo.grupomedios.com\/futbol\/wp-json\/wp\/v2\/media\/423700"}],"wp:attachment":[{"href":"http:\/\/desarrollo.grupomedios.com\/futbol\/wp-json\/wp\/v2\/media?parent=423696"}],"wp:term":[{"taxonomy":"category","embeddable":true,"href":"http:\/\/desarrollo.grupomedios.com\/futbol\/wp-json\/wp\/v2\/categories?post=423696"},{"taxonomy":"post_tag","embeddable":true,"href":"http:\/\/desarrollo.grupomedios.com\/futbol\/wp-json\/wp\/v2\/tags?post=423696"}],"curies":[{"name":"wp","href":"https:\/\/api.w.org\/{rel}","templated":true}]}}