{"id":423746,"date":"2016-09-08T14:00:10","date_gmt":"2016-09-08T19:00:10","guid":{"rendered":"https:\/\/www.futboltotal.com.mx\/?p=423746"},"modified":"2016-09-08T16:53:13","modified_gmt":"2016-09-08T21:53:13","slug":"america-tendra-clasico-curar-heridas","status":"publish","type":"post","link":"http:\/\/desarrollo.grupomedios.com\/futbol\/destacado-home\/america-tendra-clasico-curar-heridas\/2016\/09","title":{"rendered":"Am\u00e9rica tendr\u00e1 un Cl\u00e1sico para curar heridas"},"content":{"rendered":"<p>La edici\u00f3n 161 del Cl\u00e1sico Joven ante <strong>Cruz Azu<\/strong>l ser\u00e1 de alta tensi\u00f3n para el <strong>Am\u00e9rica<\/strong>. En la balanza de enfrentamientos contra la <em>M\u00e1quina,\u00a0<\/em>el entrenador <strong>Ignacio Ambriz<\/strong> tiene un historial poco positivo en el que pesan m\u00e1s las derrotas que las victorias. El margen de error del timonel es m\u00ednimo, sobre todo despu\u00e9s de que la directiva <em>azulcrema<\/em>\u00a0lo ha<em>\u00a0<\/em>ratificado en el banquillo tras la goleada 0-3 frente a Chivas en el Cl\u00e1sico.<\/p>\n<p>Al margen de que<strong> Am\u00e9rica<\/strong> llegue con solo tres victorias tras siete jornadas del Apertura 2016 y como cuarto en la clasificaci\u00f3n con 11 puntos, <strong>Ambriz\u00a0<\/strong>tiene la exigencia de replicar el resultado obtenido en su primer duelo ante <strong>Cruz Azul<\/strong>, cuando consigui\u00f3 una victoria 0-2 en el estadio Azul, el mismo coloso que ahora visita. Sacar un empate, por mucho que sea tan trepidante como el del \u00faltimo partido, servir\u00eda de muy poco para recobrar el orgullo de la plantilla y darle una alegr\u00eda a la afici\u00f3n.<\/p>\n<p style=\"text-align: center;\"><a href=\"https:\/\/www.futboltotal.com.mx\/futbol-mexicano\/\"><span style=\"color: #3366ff;\"><strong>LEER M\u00c1S: Todas las noticias de futbol mexicano<\/strong><\/span><\/a><\/p>\n<p style=\"text-align: center;\"><a href=\"https:\/\/www.futboltotal.com.mx\/wp-content\/uploads\/2016\/09\/Ambriz-final.jpg\"><img decoding=\"async\" loading=\"lazy\" class=\"alignnone size-full wp-image-427483\" src=\"https:\/\/www.futboltotal.com.mx\/wp-content\/uploads\/2016\/09\/Ambriz-final.jpg\" alt=\"Ambriz final\" srcset=\"http:\/\/desarrollo.grupomedios.com\/futbol\/wp-content\/uploads\/2016\/09\/Ambriz-final.jpg 615w, http:\/\/desarrollo.grupomedios.com\/futbol\/wp-content\/uploads\/2016\/09\/Ambriz-final-260x300.jpg 260w\" sizes=\"(max-width: 615px) 100vw, 615px\" \/><\/a><\/p>\n<p style=\"text-align: left;\">La hoja de servicio de\u00a0<strong>Ambriz <\/strong>adolece de buenos n\u00fameros cuando se mide a <strong>Cruz Azul<\/strong>. En su periplo como entrador (2003) se ha medido en once ocasiones a los <em>Celestes\u00a0<\/em>y solo ha sido capaz de sacar tres victorias, el mismo n\u00famero de empates y cinco dolorosas derrotas. Y todo se traduce en una efectividad del 36.4 por ciento, un registro gris para un entrenador que hoy dirige al equipo con m\u00e1s t\u00edtulos en Primera Divisi\u00f3n y que busca a todas luces un t\u00edtulo en el a\u00f1o centenario del mismo.<\/p>\n<p>Cabe apuntar que el \u00faltimo entrenador que consigui\u00f3 con <strong>Am\u00e9rica<\/strong>\u00a0terminar invicto ante Cruz Azul fue \u00a0Gustavo Matosas, de hecho el uruguayo acab\u00f3 invicto en los tres Cl\u00e1sicos, aunque al final los registros pesaron muy poco, pues el timonel no consigui\u00f3 revalidar el t\u00edtulo de liga logrado con Antonio Mohamed, quien a pesar de haber perdido por goleada 4-0 ante la <em>M\u00e1quina\u00a0<\/em>se march\u00f3 por la puerta grande: &#8220;Ac\u00e1 les dejamos la Copa&#8221;.<\/p>\n<p>&nbsp;<\/p>\n<p>&nbsp;<\/p>\n<p>&nbsp;<\/p>\n<p>&nbsp;<\/p>\n","protected":false},"excerpt":{"rendered":"<p>Ambriz tiene la presi\u00f3n a tope ante Cruz Azul en el Cl\u00e1sico Joven 161 <\/p>\n","protected":false},"author":20,"featured_media":423818,"comment_status":"closed","ping_status":"closed","sticky":false,"template":"","format":"standard","meta":[],"categories":[5,2198,3845],"tags":[5959,5962,511],"_links":{"self":[{"href":"http:\/\/desarrollo.grupomedios.com\/futbol\/wp-json\/wp\/v2\/posts\/423746"}],"collection":[{"href":"http:\/\/desarrollo.grupomedios.com\/futbol\/wp-json\/wp\/v2\/posts"}],"about":[{"href":"http:\/\/desarrollo.grupomedios.com\/futbol\/wp-json\/wp\/v2\/types\/post"}],"author":[{"embeddable":true,"href":"http:\/\/desarrollo.grupomedios.com\/futbol\/wp-json\/wp\/v2\/users\/20"}],"replies":[{"embeddable":true,"href":"http:\/\/desarrollo.grupomedios.com\/futbol\/wp-json\/wp\/v2\/comments?post=423746"}],"version-history":[{"count":0,"href":"http:\/\/desarrollo.grupomedios.com\/futbol\/wp-json\/wp\/v2\/posts\/423746\/revisions"}],"wp:featuredmedia":[{"embeddable":true,"href":"http:\/\/desarrollo.grupomedios.com\/futbol\/wp-json\/wp\/v2\/media\/423818"}],"wp:attachment":[{"href":"http:\/\/desarrollo.grupomedios.com\/futbol\/wp-json\/wp\/v2\/media?parent=423746"}],"wp:term":[{"taxonomy":"category","embeddable":true,"href":"http:\/\/desarrollo.grupomedios.com\/futbol\/wp-json\/wp\/v2\/categories?post=423746"},{"taxonomy":"post_tag","embeddable":true,"href":"http:\/\/desarrollo.grupomedios.com\/futbol\/wp-json\/wp\/v2\/tags?post=423746"}],"curies":[{"name":"wp","href":"https:\/\/api.w.org\/{rel}","templated":true}]}}