{"id":423772,"date":"2016-08-29T15:43:23","date_gmt":"2016-08-29T20:43:23","guid":{"rendered":"https:\/\/www.futboltotal.com.mx\/?p=423772"},"modified":"2016-08-29T16:56:44","modified_gmt":"2016-08-29T21:56:44","slug":"ejercitos-listos-la-ultima-fecha-fifa","status":"publish","type":"post","link":"http:\/\/desarrollo.grupomedios.com\/futbol\/destacado-home\/ejercitos-listos-la-ultima-fecha-fifa\/2016\/08","title":{"rendered":"\u00a1Ej\u00e9rcitos listos para la \u00faltima fecha FIFA!"},"content":{"rendered":"<p>Lleg\u00f3 el momento en el que todas las ligas del planeta hacen una pausa para que entren en acci\u00f3n las selecciones de futbol, todas ellas, con compromisos de eliminatoria rumbo al <strong>Mundial de Rusia 2018<\/strong>.<\/p>\n<p>Tambi\u00e9n tendr\u00e1 actividad la <a href=\"http:\/\/www.futboltotal.com.mx\/futbol-mexicano\/seleccion-mexicana\/\" target=\"_blank\"><strong>Selecci\u00f3n Mexicana<\/strong><\/a>, que ya est\u00e1 calificada a la \u00faltima ronda de eliminaci\u00f3n rumbo a la Copa del Mundo, a\u00fan as\u00ed, tiene la obligaci\u00f3n de culminar decorosamente su participaci\u00f3n en la ronda previa, para olvidar el mal sabor de boca que le dej\u00f3 su similar de Chile, en la Copa Am\u00e9rica Centenario.<\/p>\n<p style=\"text-align: center;\"><span style=\"color: #3366ff;\"><a style=\"color: #3366ff;\" href=\"https:\/\/www.futboltotal.com.mx\/2016\/08\/tecatito-la-segunda-baja-del-tri\/\" target=\"_blank\"><strong>LEER M\u00c1S: Tecatito causa baja del TRI para fecha FIFA<\/strong><\/a><\/span><\/p>\n<p>A continuaci\u00f3n, compartimos la agenda de partidos de la semana del 31 de agosto al 4 de septiembre, donde las selecciones m\u00e1s populares del mundo, vuelven a tener acci\u00f3n en la \u00faltima <strong>fecha FIFA<\/strong> del a\u00f1o.<\/p>\n<p><a href=\"https:\/\/www.futboltotal.com.mx\/wp-content\/uploads\/2016\/08\/29agendadepartidos.jpg\"><img decoding=\"async\" loading=\"lazy\" class=\"size-full wp-image-423780 aligncenter\" src=\"https:\/\/www.futboltotal.com.mx\/wp-content\/uploads\/2016\/08\/29agendadepartidos.jpg\" alt=\"29agendadepartidos\" srcset=\"http:\/\/desarrollo.grupomedios.com\/futbol\/wp-content\/uploads\/2016\/08\/29agendadepartidos.jpg 858w, http:\/\/desarrollo.grupomedios.com\/futbol\/wp-content\/uploads\/2016\/08\/29agendadepartidos-251x300.jpg 251w, http:\/\/desarrollo.grupomedios.com\/futbol\/wp-content\/uploads\/2016\/08\/29agendadepartidos-768x917.jpg 768w, http:\/\/desarrollo.grupomedios.com\/futbol\/wp-content\/uploads\/2016\/08\/29agendadepartidos-857x1024.jpg 857w\" sizes=\"(max-width: 858px) 100vw, 858px\" \/><\/a><\/p>\n","protected":false},"excerpt":{"rendered":"<p>\u00a1Esta es la agenda para las eliminatorias!<\/p>\n","protected":false},"author":20,"featured_media":423786,"comment_status":"closed","ping_status":"closed","sticky":false,"template":"","format":"standard","meta":[],"categories":[5,2198,3845,5951],"tags":[2763,142],"_links":{"self":[{"href":"http:\/\/desarrollo.grupomedios.com\/futbol\/wp-json\/wp\/v2\/posts\/423772"}],"collection":[{"href":"http:\/\/desarrollo.grupomedios.com\/futbol\/wp-json\/wp\/v2\/posts"}],"about":[{"href":"http:\/\/desarrollo.grupomedios.com\/futbol\/wp-json\/wp\/v2\/types\/post"}],"author":[{"embeddable":true,"href":"http:\/\/desarrollo.grupomedios.com\/futbol\/wp-json\/wp\/v2\/users\/20"}],"replies":[{"embeddable":true,"href":"http:\/\/desarrollo.grupomedios.com\/futbol\/wp-json\/wp\/v2\/comments?post=423772"}],"version-history":[{"count":0,"href":"http:\/\/desarrollo.grupomedios.com\/futbol\/wp-json\/wp\/v2\/posts\/423772\/revisions"}],"wp:featuredmedia":[{"embeddable":true,"href":"http:\/\/desarrollo.grupomedios.com\/futbol\/wp-json\/wp\/v2\/media\/423786"}],"wp:attachment":[{"href":"http:\/\/desarrollo.grupomedios.com\/futbol\/wp-json\/wp\/v2\/media?parent=423772"}],"wp:term":[{"taxonomy":"category","embeddable":true,"href":"http:\/\/desarrollo.grupomedios.com\/futbol\/wp-json\/wp\/v2\/categories?post=423772"},{"taxonomy":"post_tag","embeddable":true,"href":"http:\/\/desarrollo.grupomedios.com\/futbol\/wp-json\/wp\/v2\/tags?post=423772"}],"curies":[{"name":"wp","href":"https:\/\/api.w.org\/{rel}","templated":true}]}}