{"id":423888,"date":"2016-08-29T21:25:38","date_gmt":"2016-08-30T02:25:38","guid":{"rendered":"https:\/\/www.futboltotal.com.mx\/?p=423888"},"modified":"2016-08-29T21:27:41","modified_gmt":"2016-08-30T02:27:41","slug":"horas-clave-diego-reyes","status":"publish","type":"post","link":"http:\/\/desarrollo.grupomedios.com\/futbol\/futbol-internacional\/horas-clave-diego-reyes\/2016\/08","title":{"rendered":"Horas clave para el futuro de Diego Reyes"},"content":{"rendered":"<p>Despu\u00e9s de no entrar en planes con el <strong>FC Porto<\/strong>, el defensa central <strong>Diego Reyes<\/strong> busca club a contrarreloj en la agon\u00eda del mercado de fichajes. El central mexicano, convocado para los partidos ante El Salvador y Honduras, aun no tiene definido donde jugar\u00e1 la pr\u00f3xima temporada y tiene permiso especial de los altos mandos del\u00a0<em>Tri<\/em> para permanecer en Europa hasta definir su futuro.<\/p>\n<p>Despu\u00e9s de que el diario luso<em> A Bola<\/em>\u00a0publicara que <strong>Reyes<\/strong> es uno de los descartes del nuevo entrenador Nuno Esp\u00edrito Santo, la prensa espa\u00f1ola revel\u00f3 este d\u00eda que las dos principales opciones que tiene son el Espanyol y la Real Sociedad.<\/p>\n<p style=\"text-align: center;\"><a href=\"https:\/\/www.futboltotal.com.mx\/futbol-internacional\/mexicanos-en-europa\/\"><span style=\"color: #3366ff;\"><strong>LEER M\u00c1S: Todas las noticias de mexicanos en Europa<\/strong><\/span><\/a><\/p>\n<p>El <strong>Porto<\/strong> pide por el pase del mexicano una cifra cercana a los cuatro millones de euros, pero ninguno de los dos clubes est\u00e1 en condici\u00f3n de pagarla. Los <em>Pericos<\/em> han gastado casi 13 millones de euros y ya no pueden realizar un gasto importante. El caso del conjunto de San Sebasti\u00e1n es parecido y, pese a que el entrenador Eusebio Sacrist\u00e1n quer\u00eda que el mexicano regresara, parece que la negociaci\u00f3n es complicado.<\/p>\n<p>Sin embargo, el diario <em>AS <\/em>revela que <strong>Reyes<\/strong> volver\u00e1 a la Liga de Espa\u00f1a, aunque esta vez su cesi\u00f3n incluir\u00e1 una opci\u00f3n de compra. El Porto tiene claro que el mexicano es una apuesta a futuro y por ahora m\u00e1s vale mandarlo a pr\u00e9stamo sacrificando la parte econ\u00f3mica que mantenerlo en el club, donde el estratega Nuno le dar\u00eda solo minutos en el torneo de Copa.<\/p>\n<p>&nbsp;<\/p>\n","protected":false},"excerpt":{"rendered":"<p>El mexicano apunta para volver a la Liga en calidad de pr\u00e9stamo<\/p>\n","protected":false},"author":20,"featured_media":423890,"comment_status":"closed","ping_status":"closed","sticky":false,"template":"","format":"standard","meta":[],"categories":[3839,3844,6718],"tags":[6006,4545],"_links":{"self":[{"href":"http:\/\/desarrollo.grupomedios.com\/futbol\/wp-json\/wp\/v2\/posts\/423888"}],"collection":[{"href":"http:\/\/desarrollo.grupomedios.com\/futbol\/wp-json\/wp\/v2\/posts"}],"about":[{"href":"http:\/\/desarrollo.grupomedios.com\/futbol\/wp-json\/wp\/v2\/types\/post"}],"author":[{"embeddable":true,"href":"http:\/\/desarrollo.grupomedios.com\/futbol\/wp-json\/wp\/v2\/users\/20"}],"replies":[{"embeddable":true,"href":"http:\/\/desarrollo.grupomedios.com\/futbol\/wp-json\/wp\/v2\/comments?post=423888"}],"version-history":[{"count":0,"href":"http:\/\/desarrollo.grupomedios.com\/futbol\/wp-json\/wp\/v2\/posts\/423888\/revisions"}],"wp:featuredmedia":[{"embeddable":true,"href":"http:\/\/desarrollo.grupomedios.com\/futbol\/wp-json\/wp\/v2\/media\/423890"}],"wp:attachment":[{"href":"http:\/\/desarrollo.grupomedios.com\/futbol\/wp-json\/wp\/v2\/media?parent=423888"}],"wp:term":[{"taxonomy":"category","embeddable":true,"href":"http:\/\/desarrollo.grupomedios.com\/futbol\/wp-json\/wp\/v2\/categories?post=423888"},{"taxonomy":"post_tag","embeddable":true,"href":"http:\/\/desarrollo.grupomedios.com\/futbol\/wp-json\/wp\/v2\/tags?post=423888"}],"curies":[{"name":"wp","href":"https:\/\/api.w.org\/{rel}","templated":true}]}}