{"id":423898,"date":"2016-08-29T21:38:34","date_gmt":"2016-08-30T02:38:34","guid":{"rendered":"https:\/\/www.futboltotal.com.mx\/?p=423898"},"modified":"2016-08-29T21:41:23","modified_gmt":"2016-08-30T02:41:23","slug":"cavani-no-regresa-al-napoli","status":"publish","type":"post","link":"http:\/\/desarrollo.grupomedios.com\/futbol\/futbol-internacional\/cavani-no-regresa-al-napoli\/2016\/08","title":{"rendered":"\u00bfPor qu\u00e9 no regresa Cavani al Napoli?"},"content":{"rendered":"<p>El presidente del <strong>Napoli<\/strong>, Aurelio De Laurentiis, ha negado que el delantero uruguayo <strong>Edinson Cavani<\/strong>, que estuvo tres a\u00f1os en el club, pueda volver a vestir la camiseta de los <em>Azules<\/em>\u00a0ya que su sociedad no ficha para razones medi\u00e1ticas, sino t\u00e9cnicas.<\/p>\n<p>&#8220;Soy un gran admirador de <strong>Edinson Cavani<\/strong>, nos divertimos mucho con \u00e9l en su etapa napolitana. Marc\u00f3 muchos goles. \u00a1Hasta 104! Pero es dif\u00edcil que vuelva un jugador que tuvimos en pasado&#8221;, afirm\u00f3 De Laurentiis en declaraciones difundidas en la noche del domingo por la p\u00e1gina web del club .<\/p>\n<p style=\"text-align: center;\"><a href=\"https:\/\/www.futboltotal.com.mx\/2016\/08\/mercado-fichajes-en-europa\/\"><span style=\"color: #3366ff;\"><strong>LEER M\u00c1S: Mercado de fichajes en Europa\u00a0<\/strong><\/span><\/a><\/p>\n<p>&#8220;No es porque parezca que es &#8216;un plato recalentado&#8217; sino porque el N\u00e1poles evoluciona a\u00f1o tras a\u00f1o y apuesta por distintas y diversas teor\u00edas de juego&#8221;, agreg\u00f3.<\/p>\n<p>El presidente napolitano decidi\u00f3 aclarar su posici\u00f3n sobre <strong>Cavani<\/strong> despu\u00e9s de que se difundiera un rumor (negado por el Par\u00eds Saint Germain, que detiene la ficha del jugador) seg\u00fan el que <strong>Cavani<\/strong> estaba en Italia para una reuni\u00f3n de mercado con el <strong>Napoli<\/strong>.<\/p>\n<p>&#8220;Es por eso que digo que necesitamos a j\u00f3venes y los nuevos fichajes de esta temporada dar\u00e1n su contribuci\u00f3n a los \u00e9xitos del N\u00e1poles. Hablando de delanteros, (el polaco, Arkadiusz) Milik y Manolo Gabbiadini tiene grandes posibilidades para lucirse&#8221;, destac\u00f3.<\/p>\n<p>De Laurentiis record\u00f3 adem\u00e1s que el reto de la sociedad es dar un &#8220;futuro&#8221; al club y no hacer fichajes que tengan efecto medi\u00e1tico:\u00a0&#8220;Nosotros somos los responsables del futuro del equipo y no tenemos que hacer operaciones que tengan efecto medi\u00e1tico. No necesitamos extasiar a nadie. La gente es aficionada por fe y no por las decisiones sobre los futbolistas&#8221;.<\/p>\n<p>&nbsp;<\/p>\n","protected":false},"excerpt":{"rendered":"<p>As\u00ed habl\u00f3 el presidente del cuadro italiano sobre el delantero charr\u00faa <\/p>\n","protected":false},"author":20,"featured_media":423900,"comment_status":"closed","ping_status":"closed","sticky":false,"template":"","format":"standard","meta":[],"categories":[3839,5951],"tags":[2449,160],"_links":{"self":[{"href":"http:\/\/desarrollo.grupomedios.com\/futbol\/wp-json\/wp\/v2\/posts\/423898"}],"collection":[{"href":"http:\/\/desarrollo.grupomedios.com\/futbol\/wp-json\/wp\/v2\/posts"}],"about":[{"href":"http:\/\/desarrollo.grupomedios.com\/futbol\/wp-json\/wp\/v2\/types\/post"}],"author":[{"embeddable":true,"href":"http:\/\/desarrollo.grupomedios.com\/futbol\/wp-json\/wp\/v2\/users\/20"}],"replies":[{"embeddable":true,"href":"http:\/\/desarrollo.grupomedios.com\/futbol\/wp-json\/wp\/v2\/comments?post=423898"}],"version-history":[{"count":0,"href":"http:\/\/desarrollo.grupomedios.com\/futbol\/wp-json\/wp\/v2\/posts\/423898\/revisions"}],"wp:featuredmedia":[{"embeddable":true,"href":"http:\/\/desarrollo.grupomedios.com\/futbol\/wp-json\/wp\/v2\/media\/423900"}],"wp:attachment":[{"href":"http:\/\/desarrollo.grupomedios.com\/futbol\/wp-json\/wp\/v2\/media?parent=423898"}],"wp:term":[{"taxonomy":"category","embeddable":true,"href":"http:\/\/desarrollo.grupomedios.com\/futbol\/wp-json\/wp\/v2\/categories?post=423898"},{"taxonomy":"post_tag","embeddable":true,"href":"http:\/\/desarrollo.grupomedios.com\/futbol\/wp-json\/wp\/v2\/tags?post=423898"}],"curies":[{"name":"wp","href":"https:\/\/api.w.org\/{rel}","templated":true}]}}