{"id":423928,"date":"2016-08-30T09:02:12","date_gmt":"2016-08-30T14:02:12","guid":{"rendered":"https:\/\/www.futboltotal.com.mx\/?p=423928"},"modified":"2016-08-30T12:30:55","modified_gmt":"2016-08-30T17:30:55","slug":"higuera-confirma-fichaje-alan-pulido","status":"publish","type":"post","link":"http:\/\/desarrollo.grupomedios.com\/futbol\/futbol-mexicano\/higuera-confirma-fichaje-alan-pulido\/2016\/08","title":{"rendered":"\u00bfHiguera confirma fichaje de Alan Pulido?"},"content":{"rendered":"<p>El CEO de <a href=\"http:\/\/www.futboltotal.com.mx\/equipos\/guadalajara\/\" target=\"_blank\"><strong>Chivas<\/strong><\/a>, <strong>Jos\u00e9 Luis Higuera<\/strong>, comparti\u00f3 a trav\u00e9s de su cuenta de Twitter, que habr\u00e1 una novedad en el cuadro <em>rojiblanco<\/em> muy pronto, pero no quiso dar detalles, s\u00f3lo hizo un gui\u00f1o m\u00e1s al caso de <strong>Alan Pulido<\/strong>, o al menos as\u00ed parece.<\/p>\n<p>Desde Buenos Aires, Argentina, <strong>Jos\u00e9 Luis Higuera<\/strong> public\u00f3 que habr\u00e1 algo nuevo en <strong>Chivas<\/strong>, aunque jug\u00f3 con varios temas que rodean al Reba\u00f1o Sagrado, sea la plataforma digital del equipo, o el fichaje del delantero, <strong>Alan Pulido<\/strong>, aunque s\u00f3lo dejo pistas, que dejan con esperanzas a los fans del conjunto jalisciense.<\/p>\n<p style=\"text-align: center;\"><span style=\"color: #3366ff;\"><a style=\"color: #3366ff;\" href=\"https:\/\/www.futboltotal.com.mx\/2016\/08\/la-mentalidad-la-almeyda-azteca\/\" target=\"_blank\"><strong>LEER M\u00c1S: La mentalidad con la que Almeyda conquist\u00f3 el Azteca<\/strong><\/a><\/span><\/p>\n<p><em>Cracks,<\/em> \u00bfser\u00e1 que <strong>Jos\u00e9 Luis Higuera<\/strong> se reunir\u00e1 con <strong>Alan Pulido<\/strong> en Argentina? O, \u00bfhabr\u00e1 un fichaje inesperado en <strong>Chivas<\/strong>?<\/p>\n<blockquote class=\"twitter-tweet\" data-lang=\"es\">\n<p dir=\"ltr\" lang=\"es\">Sera un tema que involucra a la la palabra P seguro!!! Que sera? Nos multaran? Regresaremos dinero? Sera jugador?<\/p>\n<p>\u2014 Jose Luis Higuera (@JLHB33) <a href=\"https:\/\/twitter.com\/JLHB33\/status\/770589194104213504\">30 de agosto de 2016<\/a><\/p><\/blockquote>\n<p><script async src=\"\/\/platform.twitter.com\/widgets.js\" charset=\"utf-8\"><\/script><\/p>\n<blockquote class=\"twitter-tweet\" data-lang=\"es\">\n<p dir=\"ltr\" lang=\"es\">Otra pista, Es delantero, ha sido campe\u00f3n, seleccionado nacional, el bigote nacional lo confundi\u00f3 con el hermoso Peralta por metrosexual!?<\/p>\n<p>\u2014 Jose Luis Higuera (@JLHB33) <a href=\"https:\/\/twitter.com\/JLHB33\/status\/770591292208414721\">30 de agosto de 2016<\/a><\/p><\/blockquote>\n<p><script async src=\"\/\/platform.twitter.com\/widgets.js\" charset=\"utf-8\"><\/script><\/p>\n<blockquote class=\"twitter-tweet\" data-lang=\"es\">\n<p dir=\"ltr\" lang=\"es\">ultima pista, tiene algo en com\u00fan conmigo y jorge vergara Ah\u00ed se las dejo y esperen a lo oficial no se nos vaya a caer!! Con tanto tango<\/p>\n<p>\u2014 Jose Luis Higuera (@JLHB33) <a href=\"https:\/\/twitter.com\/JLHB33\/status\/770592951013703680\">30 de agosto de 2016<\/a><\/p><\/blockquote>\n<p><script async src=\"\/\/platform.twitter.com\/widgets.js\" charset=\"utf-8\"><\/script><\/p>\n<p><span style=\"color: #ff0000;\">VIDEO: Los mejores goles de la jornada 7<\/span><\/p>\n<p>[video_player]https:\/\/player.vimeo.com\/external\/180650812.hd.mp4?s=6d7db9accb4f5a83c6a806224d667b7ea262a9f1&amp;profile_id=174[\/video_player]<\/p>\n","protected":false},"excerpt":{"rendered":"<p>El CEO de Chivas juega con el caso del delantero<\/p>\n","protected":false},"author":20,"featured_media":423932,"comment_status":"closed","ping_status":"closed","sticky":false,"template":"","format":"standard","meta":[],"categories":[2198,3845],"tags":[1607,70,7368],"_links":{"self":[{"href":"http:\/\/desarrollo.grupomedios.com\/futbol\/wp-json\/wp\/v2\/posts\/423928"}],"collection":[{"href":"http:\/\/desarrollo.grupomedios.com\/futbol\/wp-json\/wp\/v2\/posts"}],"about":[{"href":"http:\/\/desarrollo.grupomedios.com\/futbol\/wp-json\/wp\/v2\/types\/post"}],"author":[{"embeddable":true,"href":"http:\/\/desarrollo.grupomedios.com\/futbol\/wp-json\/wp\/v2\/users\/20"}],"replies":[{"embeddable":true,"href":"http:\/\/desarrollo.grupomedios.com\/futbol\/wp-json\/wp\/v2\/comments?post=423928"}],"version-history":[{"count":0,"href":"http:\/\/desarrollo.grupomedios.com\/futbol\/wp-json\/wp\/v2\/posts\/423928\/revisions"}],"wp:featuredmedia":[{"embeddable":true,"href":"http:\/\/desarrollo.grupomedios.com\/futbol\/wp-json\/wp\/v2\/media\/423932"}],"wp:attachment":[{"href":"http:\/\/desarrollo.grupomedios.com\/futbol\/wp-json\/wp\/v2\/media?parent=423928"}],"wp:term":[{"taxonomy":"category","embeddable":true,"href":"http:\/\/desarrollo.grupomedios.com\/futbol\/wp-json\/wp\/v2\/categories?post=423928"},{"taxonomy":"post_tag","embeddable":true,"href":"http:\/\/desarrollo.grupomedios.com\/futbol\/wp-json\/wp\/v2\/tags?post=423928"}],"curies":[{"name":"wp","href":"https:\/\/api.w.org\/{rel}","templated":true}]}}