{"id":423992,"date":"2016-08-31T14:06:03","date_gmt":"2016-08-31T19:06:03","guid":{"rendered":"https:\/\/www.futboltotal.com.mx\/?p=423992"},"modified":"2016-09-01T12:07:42","modified_gmt":"2016-09-01T17:07:42","slug":"barcelona-paga-123-millones-banca","status":"publish","type":"post","link":"http:\/\/desarrollo.grupomedios.com\/futbol\/destacado-home\/barcelona-paga-123-millones-banca\/2016\/08","title":{"rendered":"Bar\u00e7a gasta 123 MDE por su banca"},"content":{"rendered":"<p>El entrenador del <strong>Barcelona<\/strong>\u00a0Luis Enrique Mart\u00ednez ya dispone de renovados mimbres para llevar a cabo rotaciones de calidad en su once tipo, despu\u00e9s de un verano en el que el equipo catal\u00e1n ha invertido casi 123 millones de euros, inicialmente para potenciar el banquillo.<\/p>\n<p>Cerrado el <a href=\"https:\/\/www.futboltotal.com.mx\/2016\/08\/barcelona-paga-30-mde-ultimo-fichaje\/\" target=\"_blank\">fichaje de Paco Alc\u00e1cer<\/a> por 30 millones y la cesi\u00f3n de Munir al Valencia, el <strong><em>Bar\u00e7a<\/em><\/strong> pone punto y final a un verano muy movido con entradas y salidas para potenciar el equipo que el a\u00f1o pasado hizo el doblete (Liga y Copa).<\/p>\n<p style=\"text-align: center;\"><strong><span style=\"color: #3366ff;\">LEER M\u00c1S:\u00a0<a style=\"color: #3366ff;\" href=\"https:\/\/www.futboltotal.com.mx\/2016\/08\/los-descartados-guardiola-en-city\/\">Los descartados de Guardiola en el City<\/a><\/span><\/strong><\/p>\n<p><img decoding=\"async\" loading=\"lazy\" class=\"alignnone size-full wp-image-424387\" src=\"https:\/\/www.futboltotal.com.mx\/wp-content\/uploads\/2016\/08\/refuerzosbancabarca.jpg\" alt=\"refuerzosbancabarca\" srcset=\"http:\/\/desarrollo.grupomedios.com\/futbol\/wp-content\/uploads\/2016\/08\/refuerzosbancabarca.jpg 858w, http:\/\/desarrollo.grupomedios.com\/futbol\/wp-content\/uploads\/2016\/08\/refuerzosbancabarca-228x300.jpg 228w, http:\/\/desarrollo.grupomedios.com\/futbol\/wp-content\/uploads\/2016\/08\/refuerzosbancabarca-768x1011.jpg 768w, http:\/\/desarrollo.grupomedios.com\/futbol\/wp-content\/uploads\/2016\/08\/refuerzosbancabarca-778x1024.jpg 778w\" sizes=\"(max-width: 858px) 100vw, 858px\" \/><\/p>\n<p>Casi todos los jugadores contratados a la hora de firmar por el <strong><span class=\"classCadenaBusqueda\">Barcelona<\/span><\/strong> (excepto el portero Jasper Cillessen, 27 a\u00f1os) ten\u00edan 22 a\u00f1os, lo que subraya que la idea del club de cambiar el banquillo va mucho m\u00e1s all\u00e1, pues de salirle la apuesta muchos de ellos podr\u00edan ser parte del cambio generacional a corto plazo.<\/p>\n<p>El primero en recalar en el <strong><em>Bar\u00e7a<\/em><\/strong> este verano fue el recuperado Denis Su\u00e1rez, por quien el club azulgrana acab\u00f3 pagando 3,25 millones al Villarreal.<\/p>\n<p>Las variantes defensivas las ha buscado el <strong><span class=\"classCadenaBusqueda\">Barcelona<\/span><\/strong> en el f\u00fatbol galo, con la llegada del central Samuel Umtiti y el lateral Lucas Digne.<\/p>\n<p>El franc\u00e9s, con un precio de compra de 25 millones al Olympique de Lyon, se ha hecho fuerte en el eje de la defensa hasta desbancar por el momento a Javier Mascherano, fuera de la convocatoria en la primera jornada por lesi\u00f3n y en el banquillo el domingo en San Mam\u00e9s.<\/p>\n<p style=\"text-align: center;\"><strong><span style=\"color: #3366ff;\">LEER M\u00c1S:\u00a0<a style=\"color: #3366ff;\" href=\"https:\/\/www.futboltotal.com.mx\/2016\/08\/diego-reyes-nuevo-jugador-del-espanyol-futbol-total\/\">Diego Reyes, nuevo jugador del Espanyol<\/a><\/span><\/strong><\/p>\n<p>Lucas Digne, por quien el <strong><em>Bar\u00e7a<\/em><\/strong> ha pagado 16,5 millones al PSG, no ha tenido tanta suerte, ya que tras la llegada de Jordi Alba del Europeo de Francia el catal\u00e1n ha recuperado la titularidad.<\/p>\n<p>En el centro del campo Denis Su\u00e1rez y Andr\u00e9 Gomes, procedente del Valencia, al que el <strong><span class=\"classCadenaBusqueda\">Barcelona<\/span><\/strong> pag\u00f3 35 millones de euros, s\u00ed que parece que tendr\u00e1n m\u00e1s opciones para rotar en la medular, donde aparece un tr\u00edo casi inamovible, como es el formado por Rakitic, Busquets e Iniesta, que necesitar\u00e1 rotaciones para otra campa\u00f1a exigente.<\/p>\n<p>Por ahora, y ante la lesi\u00f3n del capit\u00e1n Andr\u00e9s Iniesta, Denis Su\u00e1rez ha tenido la oportunidad de ser titular en los dos partidos de Liga.<\/p>\n<p>La llegada de Paco Alc\u00e1cer sit\u00faan al valenciano y a Arda Turan, adem\u00e1s de al polivalente Rafinha Alc\u00e1ntara, como los recambios naturales de los tres de arriba, el tridente azulgrana de los 131 goles (de 173 que marc\u00f3 el <span class=\"classCadenaBusqueda\">Barcelona<\/span>) de la temporada pasada.<\/p>\n<blockquote class=\"twitter-tweet\" data-lang=\"es\">\n<p dir=\"ltr\" lang=\"es\">\u26bd Conoce un poco m\u00e1s a Paco Alc\u00e1cer, un experimentado joven con gol <a href=\"https:\/\/t.co\/PytJ0zfhvn\">https:\/\/t.co\/PytJ0zfhvn<\/a> <a href=\"https:\/\/twitter.com\/hashtag\/FCBlive?src=hash\">#FCBlive<\/a> <a href=\"https:\/\/twitter.com\/hashtag\/AlcacerFCB?src=hash\">#AlcacerFCB<\/a> <a href=\"https:\/\/t.co\/iz1g1adBrx\">pic.twitter.com\/iz1g1adBrx<\/a><\/p>\n<p>\u2014 FC Barcelona (@FCBarcelona_es) <a href=\"https:\/\/twitter.com\/FCBarcelona_es\/status\/770827226568859650\">31 de agosto de 2016<\/a><\/p><\/blockquote>\n<p><script async src=\"\/\/platform.twitter.com\/widgets.js\" charset=\"utf-8\"><\/script><\/p>\n<p style=\"text-align: center;\"><strong><span style=\"color: #3366ff;\">LEER M\u00c1S:\u00a0<a style=\"color: #3366ff;\" href=\"https:\/\/www.futboltotal.com.mx\/2016\/08\/alan-pulido-fue-presentado-chivas\/\">Alan Pulido fue presentado con Chivas<\/a><\/span><\/strong><\/p>\n<p>La \u00faltima contrataci\u00f3n del <strong><span class=\"classCadenaBusqueda\">Barcelona<\/span><\/strong> (Alc\u00e1cer) ha llegado d\u00edas despu\u00e9s de que el equipo catal\u00e1n perdiese a su portero titular de la Liga en las dos temporadas anteriores, el chileno Claudio Bravo, y fichase al holand\u00e9s Jasper Cillessen, que ha costado al club blaugrana 13 millones.<\/p>\n<p>En total, los seis fichajes suman casi 123 millones, cifra que se podr\u00eda incrementarse algo si todos los jugadores cumplen con sus objetivos deportivos, que est\u00e1n recogidos en los variables de sus contratos, que van desde los 20 millones que tiene Andr\u00e9 Gomes a los cero que contiene el de Samuel Umtiti.<\/p>\n","protected":false},"excerpt":{"rendered":"<p>Los Blaugranas fueron los que m\u00e1s invirtieron en Espa\u00f1a<\/p>\n","protected":false},"author":20,"featured_media":424391,"comment_status":"closed","ping_status":"closed","sticky":false,"template":"","format":"standard","meta":[],"categories":[5,3839,3844,5951],"tags":[5984,640],"_links":{"self":[{"href":"http:\/\/desarrollo.grupomedios.com\/futbol\/wp-json\/wp\/v2\/posts\/423992"}],"collection":[{"href":"http:\/\/desarrollo.grupomedios.com\/futbol\/wp-json\/wp\/v2\/posts"}],"about":[{"href":"http:\/\/desarrollo.grupomedios.com\/futbol\/wp-json\/wp\/v2\/types\/post"}],"author":[{"embeddable":true,"href":"http:\/\/desarrollo.grupomedios.com\/futbol\/wp-json\/wp\/v2\/users\/20"}],"replies":[{"embeddable":true,"href":"http:\/\/desarrollo.grupomedios.com\/futbol\/wp-json\/wp\/v2\/comments?post=423992"}],"version-history":[{"count":0,"href":"http:\/\/desarrollo.grupomedios.com\/futbol\/wp-json\/wp\/v2\/posts\/423992\/revisions"}],"wp:featuredmedia":[{"embeddable":true,"href":"http:\/\/desarrollo.grupomedios.com\/futbol\/wp-json\/wp\/v2\/media\/424391"}],"wp:attachment":[{"href":"http:\/\/desarrollo.grupomedios.com\/futbol\/wp-json\/wp\/v2\/media?parent=423992"}],"wp:term":[{"taxonomy":"category","embeddable":true,"href":"http:\/\/desarrollo.grupomedios.com\/futbol\/wp-json\/wp\/v2\/categories?post=423992"},{"taxonomy":"post_tag","embeddable":true,"href":"http:\/\/desarrollo.grupomedios.com\/futbol\/wp-json\/wp\/v2\/tags?post=423992"}],"curies":[{"name":"wp","href":"https:\/\/api.w.org\/{rel}","templated":true}]}}