{"id":424195,"date":"2016-08-30T21:25:49","date_gmt":"2016-08-31T02:25:49","guid":{"rendered":"https:\/\/www.futboltotal.com.mx\/?p=424195"},"modified":"2016-08-30T21:25:49","modified_gmt":"2016-08-31T02:25:49","slug":"peligra-derbi-manchester-aguero","status":"publish","type":"post","link":"http:\/\/desarrollo.grupomedios.com\/futbol\/futbol-internacional\/peligra-derbi-manchester-aguero\/2016\/08","title":{"rendered":"Peligra derbi de Manchester para Ag\u00fcero"},"content":{"rendered":"<p>La Asociaci\u00f3n de F\u00fatbol de Inglaterra (FA) abri\u00f3 un expediente disciplinario al delantero del <strong>Manchester City<\/strong>,<strong>\u00a0Sergio Ag\u00fcero<\/strong>,\u00a0por el codazo que propin\u00f3 al jugador del West Ham Winston Reid.<\/p>\n<p><strong>Ag\u00fcero<\/strong> podr\u00eda enfrentarse a una sanci\u00f3n de hasta tres partidos, que incluir\u00edan los encuentros de Premier League ante el Manchester United el 10 de septiembre y frente al Bournemouth, siete d\u00edas despu\u00e9s, as\u00ed como el partido de tercera ronda de la Copa de la Liga ante el Swansea.<\/p>\n<p style=\"text-align: center;\"><a href=\"https:\/\/www.futboltotal.com.mx\/futbol-internacional\/\"><span style=\"color: #3366ff;\"><strong>LEER M\u00c1S: Todas las noticiase futbol internacional<\/strong><\/span><\/a><\/p>\n<p>La FA decidi\u00f3 entrar de oficio despu\u00e9s de que el \u00e1rbitro Andre Marriner no apreciara el codazo de <strong>Ag\u00fcero<\/strong> sobre Reid que se produjo en el minuto 76 del encuentro correspondiente a la tercera jornada de la Premier League entre el City y el West Ham, que termin\u00f3 con victoria de los &#8216;citizens&#8217; por 3-1.<\/p>\n<p>El delantero argentino, que no estar\u00e1 con su selecci\u00f3n en los pr\u00f3ximos partidos de la fase de clasificaci\u00f3n para el Mundial de Rusia 2018 por lesi\u00f3n, tiene hasta las 18.00 horas del mi\u00e9rcoles 31 de agosto para presentar alegaciones.<\/p>\n<p>Los incidentes que no son apreciados por los colegiados de la Premier, pueden ser analizados por un panel de tres excolegiados de partidos de \u00e9lite.<\/p>\n<p>&#8220;Cada miembro del panel revisar\u00e1 las im\u00e1genes de v\u00eddeo, de forma independiente, para determinar si lo consideran un delito de expulsi\u00f3n. Para que una decisi\u00f3n sea tomada de forma retroactiva, la decisi\u00f3n del panel debe ser un\u00e1nime&#8221;, explic\u00f3 la FA en un comunicado.<\/p>\n","protected":false},"excerpt":{"rendered":"<p>El argentino podr\u00eda perderse el primer duelo m\u00e1s importante de la Premier <\/p>\n","protected":false},"author":20,"featured_media":424209,"comment_status":"closed","ping_status":"closed","sticky":false,"template":"","format":"standard","meta":[],"categories":[3839,3846,5951],"tags":[5993,5992],"_links":{"self":[{"href":"http:\/\/desarrollo.grupomedios.com\/futbol\/wp-json\/wp\/v2\/posts\/424195"}],"collection":[{"href":"http:\/\/desarrollo.grupomedios.com\/futbol\/wp-json\/wp\/v2\/posts"}],"about":[{"href":"http:\/\/desarrollo.grupomedios.com\/futbol\/wp-json\/wp\/v2\/types\/post"}],"author":[{"embeddable":true,"href":"http:\/\/desarrollo.grupomedios.com\/futbol\/wp-json\/wp\/v2\/users\/20"}],"replies":[{"embeddable":true,"href":"http:\/\/desarrollo.grupomedios.com\/futbol\/wp-json\/wp\/v2\/comments?post=424195"}],"version-history":[{"count":0,"href":"http:\/\/desarrollo.grupomedios.com\/futbol\/wp-json\/wp\/v2\/posts\/424195\/revisions"}],"wp:featuredmedia":[{"embeddable":true,"href":"http:\/\/desarrollo.grupomedios.com\/futbol\/wp-json\/wp\/v2\/media\/424209"}],"wp:attachment":[{"href":"http:\/\/desarrollo.grupomedios.com\/futbol\/wp-json\/wp\/v2\/media?parent=424195"}],"wp:term":[{"taxonomy":"category","embeddable":true,"href":"http:\/\/desarrollo.grupomedios.com\/futbol\/wp-json\/wp\/v2\/categories?post=424195"},{"taxonomy":"post_tag","embeddable":true,"href":"http:\/\/desarrollo.grupomedios.com\/futbol\/wp-json\/wp\/v2\/tags?post=424195"}],"curies":[{"name":"wp","href":"https:\/\/api.w.org\/{rel}","templated":true}]}}