{"id":424231,"date":"2016-08-31T08:45:59","date_gmt":"2016-08-31T13:45:59","guid":{"rendered":"https:\/\/www.futboltotal.com.mx\/?p=424231"},"modified":"2016-08-31T18:07:12","modified_gmt":"2016-08-31T23:07:12","slug":"diego-reyes-nuevo-jugador-del-espanyol-futbol-total","status":"publish","type":"post","link":"http:\/\/desarrollo.grupomedios.com\/futbol\/destacado-home\/diego-reyes-nuevo-jugador-del-espanyol-futbol-total\/2016\/08","title":{"rendered":"OFICIAL: Diego Reyes, refuerzo del Espanyol"},"content":{"rendered":"<p>El defensa central mexicano\u00a0<strong>Diego Reyes<\/strong> volver\u00e1 a jugar en la Liga de Espa\u00f1a para la temporada 2016-17. En el \u00faltimo d\u00eda del mercado de fichajes estival, el Porto y el RCD Espanyol han llegado a un acuerdo por el traspaso del mexicano, quien jugar\u00e1 durante un a\u00f1o en calidad de pr\u00e9stamo.<\/p>\n<p><strong>Diego Reyes<\/strong>\u00a0revel\u00f3 la ma\u00f1ana de este mi\u00e9rcoles su llegada al club de Cornella, mediante una imagen que difundi\u00f3 en su p\u00e1gina web (<em>diegoreyes.com.mx); s<\/em>in embargo minutos despu\u00e9s fue eliminada ante la falta del anunci\u00f3 oficial por parte de ambos clubes.<\/p>\n<p>Horas m\u00e1s tarde, el club de Cornella confirm\u00f3 su llegada a pr\u00e9stamo por un a\u00f1o y en el contrato le han incluido una cl\u00e1usula de compra, que habr\u00e1 revalidarse al t\u00e9rmino de la temporada 2016-17.<\/p>\n<blockquote class=\"twitter-tweet\" data-lang=\"es\">\n<p dir=\"ltr\" lang=\"es\">.<a href=\"https:\/\/twitter.com\/Diego_Reyes13\">@Diego_Reyes13<\/a>, novena incorporaci\u00f3 <a href=\"https:\/\/twitter.com\/hashtag\/RCDE?src=hash\">#RCDE<\/a>.<\/p>\n<p>\u00a1Bienvenido, <a href=\"https:\/\/twitter.com\/hashtag\/DiegoReyesPerico?src=hash\">#DiegoReyesPerico<\/a>! <a href=\"https:\/\/t.co\/dvNPH1nqak\">https:\/\/t.co\/dvNPH1nqak<\/a> <a href=\"https:\/\/t.co\/6oU0bq1MS3\">pic.twitter.com\/6oU0bq1MS3<\/a><\/p>\n<p>\u2014 RCD ESPANYOL OFICIAL (@RCDEspanyol) <a href=\"https:\/\/twitter.com\/RCDEspanyol\/status\/771067377010245632\">31 de agosto de 2016<\/a><\/p><\/blockquote>\n<p><script async src=\"\/\/platform.twitter.com\/widgets.js\" charset=\"utf-8\"><\/script><\/p>\n<p style=\"text-align: center;\"><span style=\"color: #3366ff;\"><strong>LEER M\u00c1S: Los fichajes de \u00faltima hora<\/strong><\/span><\/p>\n<p>Aunque por ahora no se han revelado los detalles de la operaci\u00f3n, en Portugal descartan que en el contrato de cesi\u00f3n se haya incluido una cl\u00e1usula de opci\u00f3n a compra. Lo que s\u00ed es un hecho es que el Porto cobrar\u00e1 por la tarifa de pr\u00e9stamo una cifra que ronda los 200 mil euros, seg\u00fan destapa el diario <em>AS.<\/em><\/p>\n<p><strong>Diego Reyes\u00a0<\/strong>finalmente jugar\u00e1 por segundo a\u00f1o consecutivo fuera de las filas del Porto. El a\u00f1o anterior milit\u00f3 en la Real Sociedad y consigui\u00f3 titularidad. El entrenador Eusebio Sacrist\u00e1n quer\u00eda contar con \u00e9l, pero la operaci\u00f3n no lleg\u00f3 a buen puerto por falta de un acuerdo econ\u00f3mico. De cualquier manera el mexicano est\u00e1 en la Liga de Espa\u00f1a y ahora probar\u00e1 suerte con el Espanyol, club en el que milit\u00f3 su connacional H\u00e9ctor Moreno.<\/p>\n","protected":false},"excerpt":{"rendered":"<p>El mexicano jugar\u00e1 a pr\u00e9stamo con los Pericos por un a\u00f1o<\/p>\n","protected":false},"author":20,"featured_media":424239,"comment_status":"closed","ping_status":"closed","sticky":false,"template":"","format":"standard","meta":[],"categories":[5,3839],"tags":[6006,4545],"_links":{"self":[{"href":"http:\/\/desarrollo.grupomedios.com\/futbol\/wp-json\/wp\/v2\/posts\/424231"}],"collection":[{"href":"http:\/\/desarrollo.grupomedios.com\/futbol\/wp-json\/wp\/v2\/posts"}],"about":[{"href":"http:\/\/desarrollo.grupomedios.com\/futbol\/wp-json\/wp\/v2\/types\/post"}],"author":[{"embeddable":true,"href":"http:\/\/desarrollo.grupomedios.com\/futbol\/wp-json\/wp\/v2\/users\/20"}],"replies":[{"embeddable":true,"href":"http:\/\/desarrollo.grupomedios.com\/futbol\/wp-json\/wp\/v2\/comments?post=424231"}],"version-history":[{"count":0,"href":"http:\/\/desarrollo.grupomedios.com\/futbol\/wp-json\/wp\/v2\/posts\/424231\/revisions"}],"wp:featuredmedia":[{"embeddable":true,"href":"http:\/\/desarrollo.grupomedios.com\/futbol\/wp-json\/wp\/v2\/media\/424239"}],"wp:attachment":[{"href":"http:\/\/desarrollo.grupomedios.com\/futbol\/wp-json\/wp\/v2\/media?parent=424231"}],"wp:term":[{"taxonomy":"category","embeddable":true,"href":"http:\/\/desarrollo.grupomedios.com\/futbol\/wp-json\/wp\/v2\/categories?post=424231"},{"taxonomy":"post_tag","embeddable":true,"href":"http:\/\/desarrollo.grupomedios.com\/futbol\/wp-json\/wp\/v2\/tags?post=424231"}],"curies":[{"name":"wp","href":"https:\/\/api.w.org\/{rel}","templated":true}]}}