{"id":424287,"date":"2016-08-31T06:02:32","date_gmt":"2016-08-31T11:02:32","guid":{"rendered":"https:\/\/www.futboltotal.com.mx\/?p=424287"},"modified":"2016-08-31T12:07:36","modified_gmt":"2016-08-31T17:07:36","slug":"olympiacos-ficha-al-reemplazo-pulido","status":"publish","type":"post","link":"http:\/\/desarrollo.grupomedios.com\/futbol\/destacado-home\/olympiacos-ficha-al-reemplazo-pulido\/2016\/08","title":{"rendered":"Olympiacos ficha al reemplazo de Pulido"},"content":{"rendered":"<p>Un d\u00eda despu\u00e9s de haber oficializado el traspaso del <strong>Alan Pulido<\/strong> a Chivas, el <strong>Olympiacos<\/strong> griego anunci\u00f3 la contrataci\u00f3n de un par de delanteros para la temporada 2016-17. Como reemplazo del mexicano el cuadro hel\u00e9nico amarr\u00f3 al portugu\u00e9s Gon\u00e7alo Paciencia y adem\u00e1s se ha reforzado con el veterano\u00a0<em>romperredes<\/em>\u00a0paraguayo \u00d3scar Cardozo, que llegar\u00e1 procedente del Trabzonspor turco.<\/p>\n<p style=\"text-align: center;\"><span style=\"color: #3366ff;\"><a style=\"color: #3366ff;\" href=\"https:\/\/www.futboltotal.com.mx\/2016\/08\/en-vivo-los-fichajes-ultima-hora\/\"><strong>LEER M\u00c1S: EN VIVO | Los fichaje de \u00faltima hora<\/strong><\/a><\/span><\/p>\n<blockquote class=\"twitter-tweet\" data-lang=\"es\">\n<p dir=\"ltr\" lang=\"und\">\u0393\u03ba\u03bf\u03bd\u03c3\u03ac\u03bb\u03bf \u03a0\u03b1\u03c3\u03b9\u03ad\u03bd\u03c3\u03b9\u03b1 \u03ba\u03b1\u03bb\u03ce\u03c2 \u03cc\u03c1\u03b9\u03c3\u03b5\u03c2 \u03c3\u03c4\u03bf\u03bd \u039f\u03bb\u03c5\u03bc\u03c0\u03b9\u03b1\u03ba\u03cc \/ Gon\u00e7alo Paci\u00eancia welcome to Olympiacos! \/ Bem-vindo ao Olympiacos <a href=\"https:\/\/t.co\/OAfjSo1irP\">pic.twitter.com\/OAfjSo1irP<\/a><\/p>\n<p>\u2014 Olympiacos FC (@olympiacos_org) <a href=\"https:\/\/twitter.com\/olympiacos_org\/status\/770972845199548416\">31 de agosto de 2016<\/a><\/p><\/blockquote>\n<p><script async src=\"\/\/platform.twitter.com\/widgets.js\" charset=\"utf-8\"><\/script><\/p>\n<p>La gran apuesta del <strong>Olympiacos\u00a0<\/strong>es el delantero Paciencia quien ha llegado en calidad e pr\u00e9stamo y con opci\u00f3n a compra. El centro delantero, de 22 a\u00f1os, dejar\u00e1 el Coimbra, donde jug\u00f3 pr\u00e9stamo procedente del Porto, tras destacado en los pasados Juegos Ol\u00edmpicos de R\u00edo 2016 como el goleador de Portugal.<\/p>\n<blockquote class=\"twitter-tweet\" data-lang=\"es\">\n<p dir=\"ltr\" lang=\"tr\">Profesyonel futbolcumuz Oscar Rene Cardozo Marin&#8217;in Olympiacos FC kul\u00fcb\u00fcne transferi konusunda g\u00f6r\u00fc\u015fmelere ba\u015flanm\u0131\u015ft\u0131r.<\/p>\n<p>\u2014 Trabzonspor Kul\u00fcb\u00fc (@Trabzonspor) <a href=\"https:\/\/twitter.com\/Trabzonspor\/status\/770899120508833792\">31 de agosto de 2016<\/a><\/p><\/blockquote>\n<p><script async src=\"\/\/platform.twitter.com\/widgets.js\" charset=\"utf-8\"><\/script><\/p>\n<p>El campe\u00f3n hel\u00e9nico, que no disputar\u00e1 la Liga de Campeones y ahora busca el pase a la Europa League, tambi\u00e9n ha sumado a sus filas a\u00a0\u00d3scar Cardozo, de 33 a\u00f1os, procedente del Trabzonspor de Turqu\u00eda. Lo fich\u00f3 por un par de a\u00f1os y por ahora ano se ha revelado el momento de la operaci\u00f3n.<\/p>\n<p>De este modo, Olympiac\u00f3s refuerza su delantera tras la venta al Chivas mexicano del atacante Alan Pulido y est\u00e1 claro que no pasar\u00e1 apuros para afrontar una temporada en la que deber\u00e1 revalidar el campeonato griego y adem\u00e1s trascender en la Liga Europea.<\/p>\n","protected":false},"excerpt":{"rendered":"<p>El campe\u00f3n griego ficha dos delanteros en el cierre del mercado<\/p>\n","protected":false},"author":20,"featured_media":424305,"comment_status":"closed","ping_status":"closed","sticky":false,"template":"","format":"standard","meta":[],"categories":[5,3839],"tags":[1607,6091],"_links":{"self":[{"href":"http:\/\/desarrollo.grupomedios.com\/futbol\/wp-json\/wp\/v2\/posts\/424287"}],"collection":[{"href":"http:\/\/desarrollo.grupomedios.com\/futbol\/wp-json\/wp\/v2\/posts"}],"about":[{"href":"http:\/\/desarrollo.grupomedios.com\/futbol\/wp-json\/wp\/v2\/types\/post"}],"author":[{"embeddable":true,"href":"http:\/\/desarrollo.grupomedios.com\/futbol\/wp-json\/wp\/v2\/users\/20"}],"replies":[{"embeddable":true,"href":"http:\/\/desarrollo.grupomedios.com\/futbol\/wp-json\/wp\/v2\/comments?post=424287"}],"version-history":[{"count":0,"href":"http:\/\/desarrollo.grupomedios.com\/futbol\/wp-json\/wp\/v2\/posts\/424287\/revisions"}],"wp:featuredmedia":[{"embeddable":true,"href":"http:\/\/desarrollo.grupomedios.com\/futbol\/wp-json\/wp\/v2\/media\/424305"}],"wp:attachment":[{"href":"http:\/\/desarrollo.grupomedios.com\/futbol\/wp-json\/wp\/v2\/media?parent=424287"}],"wp:term":[{"taxonomy":"category","embeddable":true,"href":"http:\/\/desarrollo.grupomedios.com\/futbol\/wp-json\/wp\/v2\/categories?post=424287"},{"taxonomy":"post_tag","embeddable":true,"href":"http:\/\/desarrollo.grupomedios.com\/futbol\/wp-json\/wp\/v2\/tags?post=424287"}],"curies":[{"name":"wp","href":"https:\/\/api.w.org\/{rel}","templated":true}]}}