{"id":424289,"date":"2016-08-31T06:55:04","date_gmt":"2016-08-31T11:55:04","guid":{"rendered":"https:\/\/www.futboltotal.com.mx\/?p=424289"},"modified":"2016-08-31T12:06:36","modified_gmt":"2016-08-31T17:06:36","slug":"jonny-magallon-ya-nuevo-jugador-lanus","status":"publish","type":"post","link":"http:\/\/desarrollo.grupomedios.com\/futbol\/destacado-home\/jonny-magallon-ya-nuevo-jugador-lanus\/2016\/08","title":{"rendered":"Jonny Magall\u00f3n ya es nuevo jugador de Lan\u00fas"},"content":{"rendered":"<p>Luego de haber quedado sin lugar en Le\u00f3n, el defensa central mexicano\u00a0<strong>Jonny Magall\u00f3n\u00a0<\/strong>jugar\u00e1 en la liga argentina con Lan\u00fas por los pr\u00f3ximos seis meses.<\/p>\n<blockquote><p>&#8220;El s\u00e1bado me busc\u00f3 Jorge Almir\u00f3n y me dijo que si me interesaba llegar a <strong>Lan\u00fas&#8221;,\u00a0<\/strong>explic\u00f3 el ex jugador de Chivas en entrevista con la cadena\u00a0<em>TDN<\/em>, donde tambi\u00e9n dijo &#8220;sentirse orgulloso por llegar al club y tener una nueva experiencia&#8221;.<\/p><\/blockquote>\n<p>Tras haber rescindido su contrato con el club <em>esmeralda,<\/em>\u00a0la prensa internacional especul\u00f3 con la posible llegada de <strong>Magall\u00f3n<i>\u00a0<\/i><\/strong><i><\/i>a la NASL, donde recientemente arribaron sus connacionales Omar Bravo y Gererado Torrado.<\/p>\n<p style=\"text-align: center;\"><span style=\"color: #3366ff;\"><a style=\"color: #3366ff;\" href=\"https:\/\/www.futboltotal.com.mx\/futbol-mexicano\/\"><strong>LEER M\u00c1S: Todas las noticias de futbol mexicano\u00a0<\/strong><\/a><\/span><\/p>\n<p>Durante la semana,\u00a0medios argentinos revelaron que el zaguero de 34 a\u00f1os ser\u00e1 el nuevo refuerzo del conjunto <em>Granate<\/em>, que busca el reemplazo de Gustavo G\u00f3mez, de 23 a\u00f1os, y quien ha dejado al club para enrolarse con el AC Milan.<\/p>\n<blockquote class=\"twitter-tweet\" data-lang=\"es\">\n<p dir=\"ltr\" lang=\"es\"><a href=\"https:\/\/twitter.com\/hashtag\/Lanus?src=hash\">#Lanus<\/a>: Ma\u00f1ana por la noche llega al pais el mexicano Jonny Magall\u00f3n. Se har\u00e1 la revisi\u00f3n m\u00e9dica y firmar\u00e1 a pr\u00e9stamo por seis meses.<\/p>\n<p>\u2014 Coraz\u00f3n Granate (@CorazonGranate) <a href=\"https:\/\/twitter.com\/CorazonGranate\/status\/770994628887740416\">31 de agosto de 2016<\/a><\/p><\/blockquote>\n<p><script async src=\"\/\/platform.twitter.com\/widgets.js\" charset=\"utf-8\"><\/script><\/p>\n<p>De acuerdo con <em>TyC Sports <\/em>y con\u00a0<strong>Magall\u00f3n<\/strong>, el mexicano viajar\u00e1 el jueves para cerrar su fichaje con\u00a0<strong>Lan\u00fas<\/strong> y solo faltan algunos detalles para que el club oficialice su contrataci\u00f3n.<\/p>\n<p>La llegada de <strong>Magall\u00f3n<\/strong> no es casualidad, toda vez que actualmente el club tiene como entrenador a Jorge Almir\u00f3n, quien conoce las habilidades del central desde que estaba en el futbol mexicano, donde dirigi\u00f3 a Dorados, Veracruz, Corecaminos y Tijuana.<\/p>\n","protected":false},"excerpt":{"rendered":"<p>Magall\u00f3n jugar\u00e1 por los pr\u00f3ximos seis meses en Argentina<\/p>\n","protected":false},"author":20,"featured_media":424109,"comment_status":"closed","ping_status":"closed","sticky":false,"template":"","format":"standard","meta":[],"categories":[5,2198,3845],"tags":[5202],"_links":{"self":[{"href":"http:\/\/desarrollo.grupomedios.com\/futbol\/wp-json\/wp\/v2\/posts\/424289"}],"collection":[{"href":"http:\/\/desarrollo.grupomedios.com\/futbol\/wp-json\/wp\/v2\/posts"}],"about":[{"href":"http:\/\/desarrollo.grupomedios.com\/futbol\/wp-json\/wp\/v2\/types\/post"}],"author":[{"embeddable":true,"href":"http:\/\/desarrollo.grupomedios.com\/futbol\/wp-json\/wp\/v2\/users\/20"}],"replies":[{"embeddable":true,"href":"http:\/\/desarrollo.grupomedios.com\/futbol\/wp-json\/wp\/v2\/comments?post=424289"}],"version-history":[{"count":0,"href":"http:\/\/desarrollo.grupomedios.com\/futbol\/wp-json\/wp\/v2\/posts\/424289\/revisions"}],"wp:featuredmedia":[{"embeddable":true,"href":"http:\/\/desarrollo.grupomedios.com\/futbol\/wp-json\/wp\/v2\/media\/424109"}],"wp:attachment":[{"href":"http:\/\/desarrollo.grupomedios.com\/futbol\/wp-json\/wp\/v2\/media?parent=424289"}],"wp:term":[{"taxonomy":"category","embeddable":true,"href":"http:\/\/desarrollo.grupomedios.com\/futbol\/wp-json\/wp\/v2\/categories?post=424289"},{"taxonomy":"post_tag","embeddable":true,"href":"http:\/\/desarrollo.grupomedios.com\/futbol\/wp-json\/wp\/v2\/tags?post=424289"}],"curies":[{"name":"wp","href":"https:\/\/api.w.org\/{rel}","templated":true}]}}