{"id":424293,"date":"2016-08-31T11:02:55","date_gmt":"2016-08-31T16:02:55","guid":{"rendered":"https:\/\/www.futboltotal.com.mx\/?p=424293"},"modified":"2016-08-31T11:40:22","modified_gmt":"2016-08-31T16:40:22","slug":"guardiola-fue-criticado-uno-sus-ex-jugadores","status":"publish","type":"post","link":"http:\/\/desarrollo.grupomedios.com\/futbol\/futbol-internacional\/guardiola-fue-criticado-uno-sus-ex-jugadores\/2016\/08","title":{"rendered":"Guardiola, criticado por uno de sus ex jugadores"},"content":{"rendered":"<p>El central brasile\u00f1o <strong>Boafim Dante<\/strong> critic\u00f3 a su ex-entrenador en el Bayern <strong>Pep Guardiola<\/strong> de quien dijo, en una entrevista con la revista <em>Sport Bild<\/em>, que no habla pr\u00e1cticamente con los jugadores, lo que les hace dif\u00edcil saber cu\u00e1l es su verdadera situaci\u00f3n en el club.<\/p>\n<p>&#8220;El no habla contigo. Como jugador no sabes en qu\u00e9 situaci\u00f3n est\u00e1s&#8221;, dijo <strong>Dante<\/strong> a la revista alemana.<\/p>\n<p>&#8220;Hay entrenadores que desde el punto de vista t\u00e1cticos son de clase mundial pero humanamente no son tan buenos. Ese es el caso de <strong>Guardiola<\/strong>&#8220;, agreg\u00f3 el brasile\u00f1o.<\/p>\n<p style=\"text-align: center;\"><strong><span style=\"color: #3366ff;\"><a style=\"color: #3366ff;\" href=\"https:\/\/www.futboltotal.com.mx\/2016\/08\/los-descartados-guardiola-en-city\/\">LEER M\u00c1S: Los descartados de Guardiola en el City<\/a><\/span><\/strong><\/p>\n<p><img decoding=\"async\" loading=\"lazy\" class=\"alignnone size-full wp-image-424295\" src=\"https:\/\/www.futboltotal.com.mx\/wp-content\/uploads\/2016\/08\/guardiola-criticado-ex-jugadores.jpg\" alt=\"guardiola-criticado-ex-jugadores\" srcset=\"http:\/\/desarrollo.grupomedios.com\/futbol\/wp-content\/uploads\/2016\/08\/guardiola-criticado-ex-jugadores.jpg 858w, http:\/\/desarrollo.grupomedios.com\/futbol\/wp-content\/uploads\/2016\/08\/guardiola-criticado-ex-jugadores-300x151.jpg 300w, http:\/\/desarrollo.grupomedios.com\/futbol\/wp-content\/uploads\/2016\/08\/guardiola-criticado-ex-jugadores-768x386.jpg 768w, http:\/\/desarrollo.grupomedios.com\/futbol\/wp-content\/uploads\/2016\/08\/guardiola-criticado-ex-jugadores-340x171.jpg 340w\" sizes=\"(max-width: 858px) 100vw, 858px\" \/><\/p>\n<p><strong>Dante<\/strong>, que form\u00f3 parte del Bayern de Jupp Heynckes que gan\u00f3 el triple en 2013, dijo que su momento m\u00e1s emocionante no hab\u00eda sido ganar la Liga de Campeones sino la firma del contrato con el club b\u00e1varo.<\/p>\n<p>El peor momento, seg\u00fan el brasile\u00f1o, fue cuando firm\u00f3 la rescisi\u00f3n del contrato para marcharse al Wolfsburgo, club que ahora abandonar\u00e1 con direcci\u00f3n a Nizza.<\/p>\n<p style=\"text-align: center;\"><span style=\"color: #3366ff;\"><strong>LEER M\u00c1S:\u00a0<a style=\"color: #3366ff;\" href=\"https:\/\/www.futboltotal.com.mx\/2016\/08\/diego-reyes-nuevo-jugador-del-espanyol-futbol-total\/\">Diego Reyes, nuevo jugador del Espanyol<\/a><\/strong><\/span><\/p>\n<p>Despu\u00e9s de haber sido una pieza clave en e Bayern de Heynckes, <strong>Dante<\/strong> nunca encontr\u00f3 su puesto bajo Guardiola.<\/p>\n<p>Aunque el catal\u00e1n dijo en una ocasi\u00f3n que le gustar\u00eda tener &#8220;mil <strong>Dantes<\/strong>&#8221; la presencia del brasile\u00f1o en el equipo titular se fue haciendo cada vez menos frecuente durante la era Guardiola hasta que el jugador fue traspasado al Wolfsburgo.EFE<\/p>\n","protected":false},"excerpt":{"rendered":"<p>El central alem\u00e1n asegura que Pep &#8220;no es humanamente bueno&#8221;<\/p>\n","protected":false},"author":20,"featured_media":424297,"comment_status":"closed","ping_status":"closed","sticky":false,"template":"","format":"standard","meta":[],"categories":[3839,5951],"tags":[2510],"_links":{"self":[{"href":"http:\/\/desarrollo.grupomedios.com\/futbol\/wp-json\/wp\/v2\/posts\/424293"}],"collection":[{"href":"http:\/\/desarrollo.grupomedios.com\/futbol\/wp-json\/wp\/v2\/posts"}],"about":[{"href":"http:\/\/desarrollo.grupomedios.com\/futbol\/wp-json\/wp\/v2\/types\/post"}],"author":[{"embeddable":true,"href":"http:\/\/desarrollo.grupomedios.com\/futbol\/wp-json\/wp\/v2\/users\/20"}],"replies":[{"embeddable":true,"href":"http:\/\/desarrollo.grupomedios.com\/futbol\/wp-json\/wp\/v2\/comments?post=424293"}],"version-history":[{"count":0,"href":"http:\/\/desarrollo.grupomedios.com\/futbol\/wp-json\/wp\/v2\/posts\/424293\/revisions"}],"wp:featuredmedia":[{"embeddable":true,"href":"http:\/\/desarrollo.grupomedios.com\/futbol\/wp-json\/wp\/v2\/media\/424297"}],"wp:attachment":[{"href":"http:\/\/desarrollo.grupomedios.com\/futbol\/wp-json\/wp\/v2\/media?parent=424293"}],"wp:term":[{"taxonomy":"category","embeddable":true,"href":"http:\/\/desarrollo.grupomedios.com\/futbol\/wp-json\/wp\/v2\/categories?post=424293"},{"taxonomy":"post_tag","embeddable":true,"href":"http:\/\/desarrollo.grupomedios.com\/futbol\/wp-json\/wp\/v2\/tags?post=424293"}],"curies":[{"name":"wp","href":"https:\/\/api.w.org\/{rel}","templated":true}]}}