{"id":424461,"date":"2016-08-31T15:58:34","date_gmt":"2016-08-31T20:58:34","guid":{"rendered":"https:\/\/www.futboltotal.com.mx\/?p=424461"},"modified":"2016-08-31T18:07:33","modified_gmt":"2016-08-31T23:07:33","slug":"emotivo-adios-bastian-shweinsteiger","status":"publish","type":"post","link":"http:\/\/desarrollo.grupomedios.com\/futbol\/videos\/emotivo-adios-bastian-shweinsteiger\/2016\/08","title":{"rendered":"Emotivo adi\u00f3s de Bastian Schweinsteiger"},"content":{"rendered":"<p>Despu\u00e9s de 12 a\u00f1os honorando la camiseta de la selecci\u00f3n de <strong>Alemania<\/strong>, el mediocampista <strong>Bastian Schweinsteiger<\/strong> jug\u00f3 su \u00faltimo partido como internacional. En el Borussia Park, donde fue titular en el amistoso ante Finlandia, el capit\u00e1n dej\u00f3 una \u00faltima postal inolvidable: rompi\u00f3 en llanto en el homenaje que recibi\u00f3 previo al partido, en el que le fue entregado una placa para condecorarlo por su trayectoria.<\/p>\n<p><strong>Bastian Schweinsteiger <\/strong>disput\u00f3 121 partidos con la camiseta blanca, tres Eurocopas y cuatro Mundiales -en el \u00faltimo fue campe\u00f3n- y adem\u00e1s marc\u00f3 m\u00e1s de una veintena de goles. Antes de salir de cambio en la parte complementaria, el alem\u00e1n fue interceptado por un espont\u00e1neo que salt\u00f3 al campo y le rob\u00f3 una &#8216;<em>selfie<\/em>&#8216;. Poco despu\u00e9s se march\u00f3, no sin antes dejar un momento memorable: con una\u00a0sonrisa plena elev\u00f3 las manos\u00a0al cielo\u00a0para agradecer a\u00a0la marabunta de aficionados teutones que lo despidi\u00f3 de pie, al comp\u00e1s de las palmas, y con una sonora ovaci\u00f3n. <em>Basti<\/em> se march\u00f3 con\u00a0el brazalete de capit\u00e1n puesto. Hoy se ha convertido en leyenda viviente de la <em>Mannschaft.<\/em><\/p>\n<p style=\"text-align: center;\"><span style=\"color: #3366ff;\"><strong>LEER M\u00c1S: Todas las noticas de futbol internacional<\/strong><\/span><\/p>\n<p><iframe loading=\"lazy\" src=\"https:\/\/www.youtube.com\/embed\/abc3lQ6G5TU\" frameborder=\"0\" allowfullscreen=\"allowfullscreen\"><\/iframe><\/p>\n","protected":false},"excerpt":{"rendered":"<p>El mediocampista jug\u00f3 su \u00faltimo partido con la selecci\u00f3n de Alemania<\/p>\n","protected":false},"author":20,"featured_media":424479,"comment_status":"closed","ping_status":"closed","sticky":false,"template":"","format":"standard","meta":[],"categories":[3839,5951,4],"tags":[6000,5746],"_links":{"self":[{"href":"http:\/\/desarrollo.grupomedios.com\/futbol\/wp-json\/wp\/v2\/posts\/424461"}],"collection":[{"href":"http:\/\/desarrollo.grupomedios.com\/futbol\/wp-json\/wp\/v2\/posts"}],"about":[{"href":"http:\/\/desarrollo.grupomedios.com\/futbol\/wp-json\/wp\/v2\/types\/post"}],"author":[{"embeddable":true,"href":"http:\/\/desarrollo.grupomedios.com\/futbol\/wp-json\/wp\/v2\/users\/20"}],"replies":[{"embeddable":true,"href":"http:\/\/desarrollo.grupomedios.com\/futbol\/wp-json\/wp\/v2\/comments?post=424461"}],"version-history":[{"count":0,"href":"http:\/\/desarrollo.grupomedios.com\/futbol\/wp-json\/wp\/v2\/posts\/424461\/revisions"}],"wp:featuredmedia":[{"embeddable":true,"href":"http:\/\/desarrollo.grupomedios.com\/futbol\/wp-json\/wp\/v2\/media\/424479"}],"wp:attachment":[{"href":"http:\/\/desarrollo.grupomedios.com\/futbol\/wp-json\/wp\/v2\/media?parent=424461"}],"wp:term":[{"taxonomy":"category","embeddable":true,"href":"http:\/\/desarrollo.grupomedios.com\/futbol\/wp-json\/wp\/v2\/categories?post=424461"},{"taxonomy":"post_tag","embeddable":true,"href":"http:\/\/desarrollo.grupomedios.com\/futbol\/wp-json\/wp\/v2\/tags?post=424461"}],"curies":[{"name":"wp","href":"https:\/\/api.w.org\/{rel}","templated":true}]}}