{"id":424555,"date":"2016-08-31T18:01:11","date_gmt":"2016-08-31T23:01:11","guid":{"rendered":"https:\/\/www.futboltotal.com.mx\/?p=424555"},"modified":"2016-09-01T12:00:32","modified_gmt":"2016-09-01T17:00:32","slug":"andy-delort-nuevo-refuerzo-tigres","status":"publish","type":"post","link":"http:\/\/desarrollo.grupomedios.com\/futbol\/futbol-mexicano\/andy-delort-nuevo-refuerzo-tigres\/2016\/08","title":{"rendered":"Andy Delort, nuevo refuerzo de Tigres"},"content":{"rendered":"<p>Los <a href=\"http:\/\/www.futboltotal.com.mx\/equipos\/tigres\/\" target=\"_blank\"><strong>Tigres de la UANL<\/strong><\/a> han llegado a un acuerdo con el SM Caen por le traspaso del delantero franc\u00e9s <strong>Andy Delort<\/strong>. Despu\u00e9s de una serie de negociaciones, el conjunto <em>regio<\/em> ha conseguido fichar al delantero, de 24 a\u00f1os, pero ser\u00e1 hasta el 1 de septiembre, cuando el conjunto <em>felino<\/em> y el club galo, hagan oficial la transferencia, de acuerdo a informaci\u00f3n del presidente del cuadro <em>regiomontano<\/em>, Alejandro Rodr\u00edguez.<\/p>\n<blockquote class=\"twitter-video\" data-lang=\"es\">\n<p dir=\"ltr\" lang=\"es\">Alejandro Rodr\u00edguez da los detalles de la negociaci\u00f3n con <a href=\"https:\/\/twitter.com\/AndyDelort9\">@AndyDelort9<\/a> <a href=\"https:\/\/twitter.com\/hashtag\/TigresManda?src=hash\">#TigresManda<\/a> <a href=\"https:\/\/t.co\/BAA7LNweZ7\">pic.twitter.com\/BAA7LNweZ7<\/a><\/p>\n<p>\u2014 SoloTigres (@solotigres) <a href=\"https:\/\/twitter.com\/solotigres\/status\/771147492490489856\">1 de septiembre de 2016<\/a><\/p><\/blockquote>\n<p><script async src=\"\/\/platform.twitter.com\/widgets.js\" charset=\"utf-8\"><\/script><\/p>\n<p>Un d\u00eda despu\u00e9s de haber llegado a M\u00e9xico y tras presentar los ex\u00e1menes m\u00e9dicos de rigor, <strong>Delort<\/strong> finiquit\u00f3 los detalles de su llegada, entre los cuales est\u00e1 la firma de un contrato por cinco a\u00f1os.\u00a0Hasta ahora no se conocen las cifras oficiales del traspaso y queda pendiente que ambos clubes oficialicen la contrataci\u00f3n.<\/p>\n<p style=\"text-align: center;\"><a href=\"http:\/\/www.futboltotal.com.mx\/futbol-mexicano\"><span style=\"color: #3366ff;\"><strong>LEER M\u00c1S: Todas las noticias de futbol mexicano<\/strong><\/span><\/a><\/p>\n<p>En <strong>Tigres<\/strong>, el mediocampista Guido Pizarro ya se frota las manos con la llegada de<strong> Andy Delort<\/strong>: &#8220;Sabemos que es un jugador de mucha jerarqu\u00eda y si viene a sumar es bueno. Ojal\u00e1 lo podamos hacer sentir c\u00f3modo, que se sienta a gusto y entre en confianza para que pueda rendir\u201d.<\/p>\n<p>El jugador ser\u00e1 presentado ante el plantel <em>felino<\/em> este jueves y posteriormente tendr\u00e1 su primer entrenamiento bajo el mando de Ricardo Ferretti. Si est\u00e1 en \u00f3ptimas condiciones podr\u00eda debutar en la reanudaci\u00f3n de la Liga MX, cuando <strong>Tigres<\/strong> enfrente al Morelia, el pr\u00f3ximo 10 de septiembre en la Jornada 8 del Apertura 2016.<\/p>\n<p>&nbsp;<\/p>\n","protected":false},"excerpt":{"rendered":"<p>El franc\u00e9s firmar\u00e1 un contrato por cinco a\u00f1os; ma\u00f1ana ser\u00e1 presentado<\/p>\n","protected":false},"author":20,"featured_media":424575,"comment_status":"closed","ping_status":"closed","sticky":false,"template":"","format":"standard","meta":[],"categories":[2198,3845],"tags":[5973],"_links":{"self":[{"href":"http:\/\/desarrollo.grupomedios.com\/futbol\/wp-json\/wp\/v2\/posts\/424555"}],"collection":[{"href":"http:\/\/desarrollo.grupomedios.com\/futbol\/wp-json\/wp\/v2\/posts"}],"about":[{"href":"http:\/\/desarrollo.grupomedios.com\/futbol\/wp-json\/wp\/v2\/types\/post"}],"author":[{"embeddable":true,"href":"http:\/\/desarrollo.grupomedios.com\/futbol\/wp-json\/wp\/v2\/users\/20"}],"replies":[{"embeddable":true,"href":"http:\/\/desarrollo.grupomedios.com\/futbol\/wp-json\/wp\/v2\/comments?post=424555"}],"version-history":[{"count":0,"href":"http:\/\/desarrollo.grupomedios.com\/futbol\/wp-json\/wp\/v2\/posts\/424555\/revisions"}],"wp:featuredmedia":[{"embeddable":true,"href":"http:\/\/desarrollo.grupomedios.com\/futbol\/wp-json\/wp\/v2\/media\/424575"}],"wp:attachment":[{"href":"http:\/\/desarrollo.grupomedios.com\/futbol\/wp-json\/wp\/v2\/media?parent=424555"}],"wp:term":[{"taxonomy":"category","embeddable":true,"href":"http:\/\/desarrollo.grupomedios.com\/futbol\/wp-json\/wp\/v2\/categories?post=424555"},{"taxonomy":"post_tag","embeddable":true,"href":"http:\/\/desarrollo.grupomedios.com\/futbol\/wp-json\/wp\/v2\/tags?post=424555"}],"curies":[{"name":"wp","href":"https:\/\/api.w.org\/{rel}","templated":true}]}}