{"id":424887,"date":"2016-09-01T15:51:16","date_gmt":"2016-09-01T20:51:16","guid":{"rendered":"https:\/\/www.futboltotal.com.mx\/?p=424887"},"modified":"2016-09-01T15:51:16","modified_gmt":"2016-09-01T20:51:16","slug":"decio-maria-sentencia-a-las-divas-del-tri","status":"publish","type":"post","link":"http:\/\/desarrollo.grupomedios.com\/futbol\/futbol-mexicano\/decio-maria-sentencia-a-las-divas-del-tri\/2016\/09","title":{"rendered":"\u00bfDecio de Mar\u00eda sentencia a &#8216;las divas&#8217; del TRI?"},"content":{"rendered":"<p>El presidente de la Federaci\u00f3n Mexicana de Futbol, <strong>Decio de Mar\u00eda<\/strong>, se reuni\u00f3 con los futbolistas que integran la convocatoria de Juan Carlos Osorio para los duelos ante El Salvador y Honduras; con el objetivo, de poner reglas claras en la <a href=\"http:\/\/www.futboltotal.com.mx\/futbol-mexicano\/seleccion-mexicana\/\" target=\"_blank\"><strong>Selecci\u00f3n Mexicana<\/strong><\/a>, a partir de ahora, pues ya no piensa tolerar caprichos de los futbolistas.<\/p>\n<p>El 7-0 no s\u00f3lo signific\u00f3 un golpe an\u00edmico y deportivo para los futbolistas de la <strong>Selecci\u00f3n Mexicana<\/strong>, tambi\u00e9n fue el primer fracaso en la gesti\u00f3n de <strong>Decio de Mar\u00eda<\/strong> en la FMF, por eso el directivo, quiere poner l\u00edmites en los jugadores que sean convocados, a partir de ahora.<\/p>\n<p>De acuerdo a medios nacionales, la reuni\u00f3n que <strong>Decio de Mar\u00eda<\/strong> sostuvo con futbolistas y cuerpo t\u00e9cnico de la Selecci\u00f3n Mexicana, habr\u00eda sido para aclararles tres puntos fundamentales: ya no tolerar\u00e1 negativas a los llamados del TRI, de ning\u00fan tipo; se reducir\u00e1 el tiempo que el jugador pasa con la familia durante las concentraciones del combinado, y finalmente, el trato con la prensa deber\u00e1 ser abierto, pues cualquier mala cara o negativa a hablar con los medios, tambi\u00e9n ser\u00e1 castigada.<\/p>\n<p style=\"text-align: center;\"><span style=\"color: #3366ff;\"><a style=\"color: #3366ff;\" href=\"https:\/\/www.futboltotal.com.mx\/2016\/08\/la-conversacion-los-porteros-del-tri\/\" target=\"_blank\"><strong>LEER M\u00c1S: La conversaci\u00f3n de los porteros del TRI<\/strong><\/a><\/span><\/p>\n<p>Con estas nuevas normas en la <strong>Selecci\u00f3n Mexicana<\/strong>, Giovani dos Santos, Carlos Vela, Guillermo Ochoa, Jonathan dos Santos, Javier Hern\u00e1ndez, entre otros jugadores, deber\u00e1n de cuidar sus habitos o decisiones, si no quieren quedarse fuera de las convocatorias.<\/p>\n","protected":false},"excerpt":{"rendered":"<p>El directivo ya no tolerar\u00e1 caprichos de los futbolistas<\/p>\n","protected":false},"author":20,"featured_media":424889,"comment_status":"closed","ping_status":"closed","sticky":false,"template":"","format":"standard","meta":[],"categories":[5419,2198,3847,5950],"tags":[956,142],"_links":{"self":[{"href":"http:\/\/desarrollo.grupomedios.com\/futbol\/wp-json\/wp\/v2\/posts\/424887"}],"collection":[{"href":"http:\/\/desarrollo.grupomedios.com\/futbol\/wp-json\/wp\/v2\/posts"}],"about":[{"href":"http:\/\/desarrollo.grupomedios.com\/futbol\/wp-json\/wp\/v2\/types\/post"}],"author":[{"embeddable":true,"href":"http:\/\/desarrollo.grupomedios.com\/futbol\/wp-json\/wp\/v2\/users\/20"}],"replies":[{"embeddable":true,"href":"http:\/\/desarrollo.grupomedios.com\/futbol\/wp-json\/wp\/v2\/comments?post=424887"}],"version-history":[{"count":0,"href":"http:\/\/desarrollo.grupomedios.com\/futbol\/wp-json\/wp\/v2\/posts\/424887\/revisions"}],"wp:featuredmedia":[{"embeddable":true,"href":"http:\/\/desarrollo.grupomedios.com\/futbol\/wp-json\/wp\/v2\/media\/424889"}],"wp:attachment":[{"href":"http:\/\/desarrollo.grupomedios.com\/futbol\/wp-json\/wp\/v2\/media?parent=424887"}],"wp:term":[{"taxonomy":"category","embeddable":true,"href":"http:\/\/desarrollo.grupomedios.com\/futbol\/wp-json\/wp\/v2\/categories?post=424887"},{"taxonomy":"post_tag","embeddable":true,"href":"http:\/\/desarrollo.grupomedios.com\/futbol\/wp-json\/wp\/v2\/tags?post=424887"}],"curies":[{"name":"wp","href":"https:\/\/api.w.org\/{rel}","templated":true}]}}