{"id":424897,"date":"2016-09-01T17:17:54","date_gmt":"2016-09-01T22:17:54","guid":{"rendered":"https:\/\/www.futboltotal.com.mx\/?p=424897"},"modified":"2016-09-01T17:41:02","modified_gmt":"2016-09-01T22:41:02","slug":"la-emotiva-carta-totti-a-la-roma","status":"publish","type":"post","link":"http:\/\/desarrollo.grupomedios.com\/futbol\/destacado-home\/la-emotiva-carta-totti-a-la-roma\/2016\/09","title":{"rendered":"La emotiva carta de Totti a la Roma"},"content":{"rendered":"<p>\u00bfCu\u00e1nto puede significar en la vida de un futbolista jugar para un club toda la vida? Para dimensionarlo hay que leer la carta que escribi\u00f3 <strong>Francesco Totti<\/strong> a la Roma. <em>Il Capitano<\/em>, antes de colgar la camiseta, ha dedicado un emotivo texto al club de sus amores. Lo dejamos \u00edntegro. \u00a1Disfr\u00fatalo!<\/p>\n<p style=\"text-align: center;\"><a href=\"https:\/\/www.futboltotal.com.mx\/futbol-internacional\/\"><span style=\"color: #3366ff;\"><strong>LEER M\u00c1S: Todas las noticias de futbol internacional<\/strong><\/span><\/a><\/p>\n<p>&#8220;Hace 27 a\u00f1os se escuch\u00f3 un golpe en la puerta de nuestro departamento en Roma. Mi madre, Fiorella, fue a responder. Quienes estaban al otro lado definir\u00edan mi carrera en el f\u00fatbol. Cuando ella abri\u00f3 la puerta, un grupo de caballeros se present\u00f3 como directores de f\u00fatbol. Pero no eran de Roma. Se vest\u00edan de rojo y negro. Eran del AC Milan y quer\u00edan que jugara para su equipo a cualquier coste.<\/p>\n<blockquote><p>Mi madre levant\u00f3 sus manos, \u00bfqu\u00e9 creen que les dijo a esos se\u00f1ores? Bueno, no era mi decisi\u00f3n, por supuesto. Mi madre era la jefa. A\u00fan es la jefa. Y digamos que estaba bien unida a sus hijos, como cualquier madre italiana, un poco sobreprotectora. Ella no quer\u00eda que me fuera de casa, por miedo a que algo pasara. &#8220;No, no&#8221;, le dijo a los directores. Es todo lo que ten\u00eda para decir: &#8220;Lo siento, no, no&#8221;. Eso fue el fin. Mi primera transferencia, impedida por mi &#8216;jefa&#8217;. Era duro decir que no al AC Milan. Hubiera significado mucho dinero para nuestra familia. Pero mi madre me ense\u00f1\u00f3 una lecci\u00f3n ese d\u00eda: Tu casa es lo m\u00e1s importante en la vida.<\/p><\/blockquote>\n<p><a href=\"https:\/\/www.futboltotal.com.mx\/wp-content\/uploads\/2016\/09\/Totti-1.jpg\"><img decoding=\"async\" loading=\"lazy\" class=\"alignnone size-full wp-image-424909\" src=\"https:\/\/www.futboltotal.com.mx\/wp-content\/uploads\/2016\/09\/Totti-1.jpg\" alt=\"Totti-1\" srcset=\"http:\/\/desarrollo.grupomedios.com\/futbol\/wp-content\/uploads\/2016\/09\/Totti-1.jpg 800w, http:\/\/desarrollo.grupomedios.com\/futbol\/wp-content\/uploads\/2016\/09\/Totti-1-300x252.jpg 300w, http:\/\/desarrollo.grupomedios.com\/futbol\/wp-content\/uploads\/2016\/09\/Totti-1-768x644.jpg 768w\" sizes=\"(max-width: 800px) 100vw, 800px\" \/><\/a><\/p>\n<p>Cuando eres un ni\u00f1o en Roma, hay solo dos opciones: o eres rojo o azul. AS Roma o Lazio. En nuestra familia, solo hab\u00eda una posibilidad. Desafortunadamente no conoc\u00ed a mi abuelo, porque muri\u00f3 cuando era peque\u00f1o, pero me dej\u00f3 un gran regalo. Por suerte, mi abuelo Gianluca era un fan\u00e1tico de la Roma y le pas\u00f3 ese amor a mi padre, quien nos lo entreg\u00f3 a mi hermano y a m\u00ed. Nuestro amor por Roma fue algo que llevamos siempre.<\/p>\n<blockquote><p>Roma era m\u00e1s que un club de f\u00fatbol. Era parte de nuestra familia, nuestra sangre, nuestras almas. No conseguimos ver muchos partidos en televisi\u00f3n porque, incluso en Roma, no los daban siempre en los &#8217;80. Pero cuando tuve siete a\u00f1os, mi padre consigui\u00f3 boletos y finalmente pude ver a la Loba en el Estadio Ol\u00edmpico. Puedo cerrar mis ojos y recordar la sensaci\u00f3n. Los colores, los cantos, las bombas de humo. Me sent\u00eda un ni\u00f1o tan completo solo por estar en el estadio alrededor de otros hinchas de la Roma que iluminaron algo en m\u00ed. No s\u00e9 c\u00f3mo describir la experiencia. Bell\u00edsimo.<\/p><\/blockquote>\n<p>No supe que realizar\u00eda mi debut en el Estadio Ol\u00edmpico por Roma hasta 90 minutos antes del partido. Me sent\u00e9 en el bus que me llev\u00f3 a la cancha y mi emoci\u00f3n creci\u00f3. Cualquier paz que tuve en la noche previa se hab\u00eda ido. Los hinchas de la Roma son distintos de todos. Hay mucha expectaci\u00f3n cuando usas la camiseta de la Roma. Tienes que probar que lo vales, y no hay mucho espacio para que cometas errores. Cuando camin\u00e9 a la cancha para mi primer partido, estaba sobresaturado de orgullo por jugar por mi casa. Por mi abuelo, por mi familia. Por 25 a\u00f1os la presi\u00f3n -el privilegio- nunca ha cambiado.<a href=\"https:\/\/www.futboltotal.com.mx\/wp-content\/uploads\/2016\/09\/Frase-1-Totti-.jpg\"><img decoding=\"async\" loading=\"lazy\" class=\"alignnone size-full wp-image-424915\" src=\"https:\/\/www.futboltotal.com.mx\/wp-content\/uploads\/2016\/09\/Frase-1-Totti-.jpg\" alt=\"Frase-1-Totti-\" srcset=\"http:\/\/desarrollo.grupomedios.com\/futbol\/wp-content\/uploads\/2016\/09\/Frase-1-Totti-.jpg 800w, http:\/\/desarrollo.grupomedios.com\/futbol\/wp-content\/uploads\/2016\/09\/Frase-1-Totti--300x252.jpg 300w, http:\/\/desarrollo.grupomedios.com\/futbol\/wp-content\/uploads\/2016\/09\/Frase-1-Totti--768x644.jpg 768w\" sizes=\"(max-width: 800px) 100vw, 800px\" \/><\/a><\/p>\n<p>Por supuesto he tenido errores. Incluso hubo un momento hace 12 a\u00f1os, cuando pens\u00e9 dejar la Roma para llegar a Real Madrid. Cuando un equipo exitoso, el m\u00e1s fuerte del mundo, te pide que te unas, empiezas a pensar sobre la vida. Tuve charlas con el presidente de la Roma y eso marc\u00f3 la diferencia. Pero al final, la charla que tuve con mi familia me record\u00f3 sobre qu\u00e9 se trata la vida.<\/p>\n<blockquote><p>El hogar lo es todo. Por 39 a\u00f1os, Roma ha sido mi hogar. Por 25 a\u00f1os como futbolista, Roma ha sido mi hogar. Ya sea ganando el Scudetto o jugando la Champions League, espero que haya representado y alzado los colores de la Roma tan alto como pude. Espero haberlos hecho orgullosos. La gente me pregunta, \u00bfpor qu\u00e9 pasar toda mi vida en la Roma?<\/p><\/blockquote>\n<p>Roma es mi familia, mis amigos, la gente que amo. Roma es el mar, las monta\u00f1as, los monumentos. Roma, por supuesto, son los romanos. Roma es el amarillo y el rojo. Roma, para m\u00ed, es el mundo. Este club, esta ciudad, han sido mi vida. Siempre&#8221;.<\/p>\n<p><a href=\"https:\/\/www.futboltotal.com.mx\/wp-content\/uploads\/2016\/09\/Capitano.jpg\"><img decoding=\"async\" loading=\"lazy\" class=\"alignnone size-full wp-image-424919\" src=\"https:\/\/www.futboltotal.com.mx\/wp-content\/uploads\/2016\/09\/Capitano.jpg\" alt=\"Capitano\" srcset=\"http:\/\/desarrollo.grupomedios.com\/futbol\/wp-content\/uploads\/2016\/09\/Capitano.jpg 800w, http:\/\/desarrollo.grupomedios.com\/futbol\/wp-content\/uploads\/2016\/09\/Capitano-300x252.jpg 300w, http:\/\/desarrollo.grupomedios.com\/futbol\/wp-content\/uploads\/2016\/09\/Capitano-768x644.jpg 768w\" sizes=\"(max-width: 800px) 100vw, 800px\" \/><\/a><\/p>\n<p>&nbsp;<\/p>\n<p>&nbsp;<\/p>\n","protected":false},"excerpt":{"rendered":"<p>En su \u00faltima temporada, Il Capitano dedica unas l\u00edneas al club de su vida<\/p>\n","protected":false},"author":20,"featured_media":424941,"comment_status":"closed","ping_status":"closed","sticky":false,"template":"","format":"standard","meta":[],"categories":[5,3839,3848],"tags":[2618,2619],"_links":{"self":[{"href":"http:\/\/desarrollo.grupomedios.com\/futbol\/wp-json\/wp\/v2\/posts\/424897"}],"collection":[{"href":"http:\/\/desarrollo.grupomedios.com\/futbol\/wp-json\/wp\/v2\/posts"}],"about":[{"href":"http:\/\/desarrollo.grupomedios.com\/futbol\/wp-json\/wp\/v2\/types\/post"}],"author":[{"embeddable":true,"href":"http:\/\/desarrollo.grupomedios.com\/futbol\/wp-json\/wp\/v2\/users\/20"}],"replies":[{"embeddable":true,"href":"http:\/\/desarrollo.grupomedios.com\/futbol\/wp-json\/wp\/v2\/comments?post=424897"}],"version-history":[{"count":0,"href":"http:\/\/desarrollo.grupomedios.com\/futbol\/wp-json\/wp\/v2\/posts\/424897\/revisions"}],"wp:featuredmedia":[{"embeddable":true,"href":"http:\/\/desarrollo.grupomedios.com\/futbol\/wp-json\/wp\/v2\/media\/424941"}],"wp:attachment":[{"href":"http:\/\/desarrollo.grupomedios.com\/futbol\/wp-json\/wp\/v2\/media?parent=424897"}],"wp:term":[{"taxonomy":"category","embeddable":true,"href":"http:\/\/desarrollo.grupomedios.com\/futbol\/wp-json\/wp\/v2\/categories?post=424897"},{"taxonomy":"post_tag","embeddable":true,"href":"http:\/\/desarrollo.grupomedios.com\/futbol\/wp-json\/wp\/v2\/tags?post=424897"}],"curies":[{"name":"wp","href":"https:\/\/api.w.org\/{rel}","templated":true}]}}