{"id":424947,"date":"2016-09-01T17:28:12","date_gmt":"2016-09-01T22:28:12","guid":{"rendered":"https:\/\/www.futboltotal.com.mx\/?p=424947"},"modified":"2016-09-01T17:28:12","modified_gmt":"2016-09-01T22:28:12","slug":"oficial-andy-delort-refuerza-a-tigres","status":"publish","type":"post","link":"http:\/\/desarrollo.grupomedios.com\/futbol\/destacado-home\/oficial-andy-delort-refuerza-a-tigres\/2016\/09","title":{"rendered":"OFICIAL: Andy Delort refuerza a Tigres"},"content":{"rendered":"<p>\u00a1Los Tigres de la UANL \u00a0tiene nuevo fichaje! Este jueves le pusieron fin al culebr\u00f3n y oficializaron la llegada del delantero franc\u00e9s Andy Delort, quien llega procedente del\u00a0SM Caen y ha firmado un contrato por cinco a\u00f1os.<\/p>\n<p>Despu\u00e9s de una serie de negociaciones, el conjunto regio consigui\u00f3 fichar al delantero, de 24 a\u00f1os, a quien desde ayer confirm\u00f3 como refuerzo el presidente de la entidad, Alejandro Rodr\u00edguez.<\/p>\n<p style=\"text-align: center;\"><span style=\"color: #3366ff;\"><strong>LEER M\u00c1S: Todas las noticias de futbol mexicano<\/strong><\/span><\/p>\n<blockquote class=\"twitter-tweet\" data-lang=\"es\">\n<p dir=\"ltr\" lang=\"es\">Llega un Tigre m\u00e1s a nuestro equipo, bienvenido <a href=\"https:\/\/twitter.com\/AndyDelort9\">@AndyDelort9<\/a>. <a href=\"https:\/\/twitter.com\/hashtag\/VamosTigres?src=hash\">#VamosTigres<\/a> <a href=\"https:\/\/twitter.com\/hashtag\/SomosTigres?src=hash\">#SomosTigres<\/a> <a href=\"https:\/\/t.co\/yAtmC4DPof\">pic.twitter.com\/yAtmC4DPof<\/a><\/p>\n<p>\u2014 CLUB TIGRES OFICIAL (@TigresOficial) <a href=\"https:\/\/twitter.com\/TigresOficial\/status\/771471762731130880\">1 de septiembre de 2016<\/a><\/p><\/blockquote>\n<p><script async src=\"\/\/platform.twitter.com\/widgets.js\" charset=\"utf-8\"><\/script><\/p>\n<p>Dos d\u00edas despu\u00e9s de haber llegado a M\u00e9xico y tras presentar los ex\u00e1menes m\u00e9dicos de rigor, Delort finiquit\u00f3 los detalles de su llegada. Eso s\u00ed, el conjunto regiomontano no ha relevado las cifras oficiales del traspaso.<\/p>\n<p>En Tigres, el mediocampista Guido Pizarro ya se frota las manos con la llegada de Andy Delort: \u201cSabemos que es un jugador de mucha jerarqu\u00eda y si viene a sumar es bueno. Ojal\u00e1 lo podamos hacer sentir c\u00f3modo, que se sienta a gusto y entre en confianza para que pueda rendir\u201d.<\/p>\n<p>El jugador ser\u00e1 presentado este viernes ante el plantel felino y posteriormente tendr\u00e1 su primer entrenamiento bajo el mando de Ricardo Ferretti. Si est\u00e1 en \u00f3ptimas condiciones podr\u00eda debutar en la reanudaci\u00f3n de la Liga MX, cuando Tigres enfrente al Morelia, el pr\u00f3ximo 10 de septiembre en la Jornada 8 del Apertura 2016.<\/p>\n","protected":false},"excerpt":{"rendered":"<p>Los felinos oficializaron la llegada del delantero franc\u00e9s para el Apertura 2016<\/p>\n","protected":false},"author":20,"featured_media":424949,"comment_status":"closed","ping_status":"closed","sticky":false,"template":"","format":"standard","meta":[],"categories":[5,2198,3845],"tags":[64,5973],"_links":{"self":[{"href":"http:\/\/desarrollo.grupomedios.com\/futbol\/wp-json\/wp\/v2\/posts\/424947"}],"collection":[{"href":"http:\/\/desarrollo.grupomedios.com\/futbol\/wp-json\/wp\/v2\/posts"}],"about":[{"href":"http:\/\/desarrollo.grupomedios.com\/futbol\/wp-json\/wp\/v2\/types\/post"}],"author":[{"embeddable":true,"href":"http:\/\/desarrollo.grupomedios.com\/futbol\/wp-json\/wp\/v2\/users\/20"}],"replies":[{"embeddable":true,"href":"http:\/\/desarrollo.grupomedios.com\/futbol\/wp-json\/wp\/v2\/comments?post=424947"}],"version-history":[{"count":0,"href":"http:\/\/desarrollo.grupomedios.com\/futbol\/wp-json\/wp\/v2\/posts\/424947\/revisions"}],"wp:featuredmedia":[{"embeddable":true,"href":"http:\/\/desarrollo.grupomedios.com\/futbol\/wp-json\/wp\/v2\/media\/424949"}],"wp:attachment":[{"href":"http:\/\/desarrollo.grupomedios.com\/futbol\/wp-json\/wp\/v2\/media?parent=424947"}],"wp:term":[{"taxonomy":"category","embeddable":true,"href":"http:\/\/desarrollo.grupomedios.com\/futbol\/wp-json\/wp\/v2\/categories?post=424947"},{"taxonomy":"post_tag","embeddable":true,"href":"http:\/\/desarrollo.grupomedios.com\/futbol\/wp-json\/wp\/v2\/tags?post=424947"}],"curies":[{"name":"wp","href":"https:\/\/api.w.org\/{rel}","templated":true}]}}