{"id":425041,"date":"2016-09-01T20:53:49","date_gmt":"2016-09-02T01:53:49","guid":{"rendered":"https:\/\/www.futboltotal.com.mx\/?p=425041"},"modified":"2016-09-01T20:56:58","modified_gmt":"2016-09-02T01:56:58","slug":"salma-hayek-la-duena-del-rennais-fc","status":"publish","type":"post","link":"http:\/\/desarrollo.grupomedios.com\/futbol\/galerias\/salma-hayek-la-duena-del-rennais-fc\/2016\/09","title":{"rendered":"Salma Hayek, la due\u00f1a del Rennais FC"},"content":{"rendered":"<p>Este 2 de septiembre, la actriz, <strong>Salma Hayek<\/strong>, cumple 50 a\u00f1os, y en redes sociales se ha vuelto tendencia desde un d\u00eda antes de la celebraci\u00f3n de su aniversario, por ser la histri\u00f3n mexicana con mejor posicionamiento en Hollywood y por lo bien conservada que se encuentra, a pesar de tener medio siglo de vida.<\/p>\n<p>Pero en <strong>Futbol Total<\/strong>, destacamos a la actriz de una forma distina, ya que <strong>Salma Hayek<\/strong> est\u00e1 casada con el empresario franc\u00e9s, Francois-Henri Pinault, quien tiene negocios relacionados con el balompi\u00e9, ya que es due\u00f1o del <strong>Stade Rennais FC<\/strong>, de la ciudad de Rennes, Francia, y tambi\u00e9n es propietario de la marca deportiva, Puma.<\/p>\n<div id=\"galleryYum\" style=\"display:none;\"><img alt=\"\" src=\"http:\/\/desarrollo.grupomedios.com\/futbol\/wp-content\/uploads\/2016\/09\/salma-hayek-5.jpg\" data-image=\"http:\/\/desarrollo.grupomedios.com\/futbol\/wp-content\/uploads\/2016\/09\/salma-hayek-5.jpg\" data-description=\"salma-hayek-5\"><img alt=\"\" src=\"http:\/\/desarrollo.grupomedios.com\/futbol\/wp-content\/uploads\/2016\/09\/salma-hayek-1.jpg\" data-image=\"http:\/\/desarrollo.grupomedios.com\/futbol\/wp-content\/uploads\/2016\/09\/salma-hayek-1.jpg\" data-description=\"salma-hayek-1\"><img alt=\"\" src=\"http:\/\/desarrollo.grupomedios.com\/futbol\/wp-content\/uploads\/2016\/09\/salma-hayek-2.jpg\" data-image=\"http:\/\/desarrollo.grupomedios.com\/futbol\/wp-content\/uploads\/2016\/09\/salma-hayek-2.jpg\" data-description=\"salma-hayek-2\"><img alt=\"\" src=\"http:\/\/desarrollo.grupomedios.com\/futbol\/wp-content\/uploads\/2016\/09\/salma-hayek-3.jpg\" data-image=\"http:\/\/desarrollo.grupomedios.com\/futbol\/wp-content\/uploads\/2016\/09\/salma-hayek-3.jpg\" data-description=\"salma-hayek-3\"><img alt=\"\" src=\"http:\/\/desarrollo.grupomedios.com\/futbol\/wp-content\/uploads\/2016\/09\/salma-hayek-6.jpg\" data-image=\"http:\/\/desarrollo.grupomedios.com\/futbol\/wp-content\/uploads\/2016\/09\/salma-hayek-6.jpg\" data-description=\"salma-hayek-6\"><\/div>\n        <script>\n        \/\/galeria 1\n        jQuery(document).ready(function(){ \n            var api;\n            api = jQuery(\"#galleryYum\").unitegallery({\n                carousel_autoplay: false\n            }); \n        });\n        <\/script>\n        \n<p style=\"text-align: center;\"><span style=\"color: #3366ff;\"><a style=\"color: #3366ff;\" href=\"https:\/\/www.futboltotal.com.mx\/2016\/08\/la-conversacion-los-porteros-del-tri\/\" target=\"_blank\"><strong>LEER M\u00c1S: La conversaci\u00f3n de los porteros del TRI<\/strong><\/a><\/span><\/p>\n<blockquote class=\"instagram-media\" style=\"background: #FFF; border: 0; border-radius: 3px; box-shadow: 0 0 1px 0 rgba(0,0,0,0.5),0 1px 10px 0 rgba(0,0,0,0.15); margin: 1px; max-width: 658px; padding: 0; width: calc(100% - 2px);\" data-instgrm-captioned=\"\" data-instgrm-version=\"7\">\n<div style=\"padding: 8px;\">\n<div style=\"background: #F8F8F8; line-height: 0; margin-top: 40px; padding: 50.0% 0; text-align: center; width: 100%;\"><\/div>\n<p style=\"margin: 8px 0 0 0; padding: 0 4px;\"><a style=\"color: #000; font-family: Arial,sans-serif; font-size: 14px; font-style: normal; font-weight: normal; line-height: 17px; text-decoration: none; word-wrap: break-word;\" href=\"https:\/\/www.instagram.com\/p\/BJyRGb2BGxN\/\" target=\"_blank\">There is a merman under my swan #swan #summer. Hay un sireno debajo de mi cisne <\/a><\/p>\n<p style=\"color: #c9c8cd; font-family: Arial,sans-serif; font-size: 14px; line-height: 17px; margin-bottom: 0; margin-top: 8px; overflow: hidden; padding: 8px 0 7px; text-align: center; text-overflow: ellipsis; white-space: nowrap;\">Una foto publicada por Salma Hayek Pinault (@salmahayek) el <time style=\"font-family: Arial,sans-serif; font-size: 14px; line-height: 17px;\" datetime=\"2016-08-31T19:50:15+00:00\">31 de Ago de 2016 a la(s) 12:50 PDT<\/time><\/p>\n<\/div>\n<\/blockquote>\n<p><script async defer src=\"\/\/platform.instagram.com\/en_US\/embeds.js\"><\/script><\/p>\n<blockquote class=\"twitter-tweet\" data-lang=\"es\">\n<p dir=\"ltr\" lang=\"en\">Happy <a href=\"https:\/\/twitter.com\/hashtag\/CincoDeMayo?src=hash\">#CincoDeMayo<\/a>! <a href=\"https:\/\/twitter.com\/salmahayek\">@salmahayek<\/a> <a href=\"https:\/\/t.co\/VIJZEWX1v8\">pic.twitter.com\/VIJZEWX1v8<\/a><\/p>\n<p>\u2014 Page Six (@PageSix) <a href=\"https:\/\/twitter.com\/PageSix\/status\/728237066543349761\">5 de mayo de 2016<\/a><\/p><\/blockquote>\n<p><script async src=\"\/\/platform.twitter.com\/widgets.js\" charset=\"utf-8\"><\/script><\/p>\n","protected":false},"excerpt":{"rendered":"<p>La actriz es esposa de Fran\u00e7ois-Henri Pinault, empresario franc\u00e9s<\/p>\n","protected":false},"author":20,"featured_media":425053,"comment_status":"closed","ping_status":"closed","sticky":false,"template":"","format":"standard","meta":[],"categories":[6408,5422,3],"tags":[2033,7391],"_links":{"self":[{"href":"http:\/\/desarrollo.grupomedios.com\/futbol\/wp-json\/wp\/v2\/posts\/425041"}],"collection":[{"href":"http:\/\/desarrollo.grupomedios.com\/futbol\/wp-json\/wp\/v2\/posts"}],"about":[{"href":"http:\/\/desarrollo.grupomedios.com\/futbol\/wp-json\/wp\/v2\/types\/post"}],"author":[{"embeddable":true,"href":"http:\/\/desarrollo.grupomedios.com\/futbol\/wp-json\/wp\/v2\/users\/20"}],"replies":[{"embeddable":true,"href":"http:\/\/desarrollo.grupomedios.com\/futbol\/wp-json\/wp\/v2\/comments?post=425041"}],"version-history":[{"count":0,"href":"http:\/\/desarrollo.grupomedios.com\/futbol\/wp-json\/wp\/v2\/posts\/425041\/revisions"}],"wp:featuredmedia":[{"embeddable":true,"href":"http:\/\/desarrollo.grupomedios.com\/futbol\/wp-json\/wp\/v2\/media\/425053"}],"wp:attachment":[{"href":"http:\/\/desarrollo.grupomedios.com\/futbol\/wp-json\/wp\/v2\/media?parent=425041"}],"wp:term":[{"taxonomy":"category","embeddable":true,"href":"http:\/\/desarrollo.grupomedios.com\/futbol\/wp-json\/wp\/v2\/categories?post=425041"},{"taxonomy":"post_tag","embeddable":true,"href":"http:\/\/desarrollo.grupomedios.com\/futbol\/wp-json\/wp\/v2\/tags?post=425041"}],"curies":[{"name":"wp","href":"https:\/\/api.w.org\/{rel}","templated":true}]}}