{"id":425133,"date":"2016-09-02T12:01:13","date_gmt":"2016-09-02T17:01:13","guid":{"rendered":"https:\/\/www.futboltotal.com.mx\/?p=425133"},"modified":"2016-09-02T12:42:46","modified_gmt":"2016-09-02T17:42:46","slug":"adidas-presenta-nuevo-balon-las-eliminatorias-europeas","status":"publish","type":"post","link":"http:\/\/desarrollo.grupomedios.com\/futbol\/galerias\/adidas-presenta-nuevo-balon-las-eliminatorias-europeas\/2016\/09","title":{"rendered":"Adidas presenta el nuevo bal\u00f3n para las eliminatorias europeas"},"content":{"rendered":"<p><strong>Adidas<\/strong> ha lanzado el bal\u00f3n oficial para las<strong> Eliminatorias Europeas de UEFA<\/strong> para la Copa del Mundo del 2018, y \u00e9ste ser\u00e1 el que defina qui\u00e9nes ser\u00e1n las selecciones de Europa que estar\u00e1n en el torneo que se disputar\u00e1 en Rusia.<\/p>\n<p>La inovaci\u00f3n del nuevo bal\u00f3n de <strong>Adidas<\/strong> son las im\u00e1genes que tiene plasmadas el bal\u00f3n, pues fueron fotograf\u00edas tomadas por los fanaticos dentro de el estadio.Con este dise\u00f1o, la marca\u00a0pretende demostrar la emoci\u00f3n que sienten los fans desde que van por fuera hasta que llegan a su lugar en el estadio.<\/p>\n<p style=\"text-align: center;\"><strong><span style=\"color: #3366ff;\">LEER M\u00c1S:\u00a0<a style=\"color: #3366ff;\" href=\"https:\/\/www.futboltotal.com.mx\/2016\/09\/alan-pulido-fue-recibido-sus-companeros-en-chivas\/\">Alan Pulido fue recibido por sus compa\u00f1eros en Chivas<\/a><\/span><\/strong><\/p>\n<div id=\"galleryY5O\" style=\"display:none;\"><img alt=\"\" src=\"http:\/\/desarrollo.grupomedios.com\/futbol\/wp-content\/uploads\/2016\/09\/adidas-2018-world-cup-european-qualifiers-ball-2.jpg\" data-image=\"http:\/\/desarrollo.grupomedios.com\/futbol\/wp-content\/uploads\/2016\/09\/adidas-2018-world-cup-european-qualifiers-ball-2.jpg\" data-description=\"adidas-2018-world-cup-european-qualifiers-ball-2\"><img alt=\"\" src=\"http:\/\/desarrollo.grupomedios.com\/futbol\/wp-content\/uploads\/2016\/09\/adidas-2018-world-cup-european-qualifiers-ball-3.jpg\" data-image=\"http:\/\/desarrollo.grupomedios.com\/futbol\/wp-content\/uploads\/2016\/09\/adidas-2018-world-cup-european-qualifiers-ball-3.jpg\" data-description=\"adidas-2018-world-cup-european-qualifiers-ball-3\"><img alt=\"\" src=\"http:\/\/desarrollo.grupomedios.com\/futbol\/wp-content\/uploads\/2016\/09\/adidas-2018-world-cup-european-qualifiers-ball-5.jpg\" data-image=\"http:\/\/desarrollo.grupomedios.com\/futbol\/wp-content\/uploads\/2016\/09\/adidas-2018-world-cup-european-qualifiers-ball-5.jpg\" data-description=\"adidas-2018-world-cup-european-qualifiers-ball-5\"><img alt=\"\" src=\"http:\/\/desarrollo.grupomedios.com\/futbol\/wp-content\/uploads\/2016\/09\/adidas-2018-world-cup-european-qualifiers-ball-6.jpg\" data-image=\"http:\/\/desarrollo.grupomedios.com\/futbol\/wp-content\/uploads\/2016\/09\/adidas-2018-world-cup-european-qualifiers-ball-6.jpg\" data-description=\"adidas-2018-world-cup-european-qualifiers-ball-6\"><\/div>\n        <script>\n        \/\/galeria 1\n        jQuery(document).ready(function(){ \n            var api;\n            api = jQuery(\"#galleryY5O\").unitegallery({\n                carousel_autoplay: false\n            }); \n        });\n        <\/script>\n        \n<p>Adem\u00e1s, el bal\u00f3n tiene un logo en forma de coraz\u00f3n con una camiseta dentro, que busca expresar las emociones, experiencias y los latidos del coraz\u00f3n al momento de la disputa del partido.<\/p>\n<p>La forma del panel del bal\u00f3n es similar a la que se utiliz\u00f3 en la Euro 2016 de Francia y ser\u00e1 utilizado por primera vez el pr\u00f3ximo domingo 4 de septiembre cuando se jueguen las primeras fechas del clasificatorio.<\/p>\n<p style=\"text-align: center;\"><span style=\"color: #3366ff;\"><strong>LEER M\u00c1S:\u00a0<a style=\"color: #3366ff;\" href=\"https:\/\/www.futboltotal.com.mx\/2016\/09\/guardiola-deja-sin-champions-a-yaya-toure\/\">Guardiola deja sin Champions a Yaya Tour\u00e9<\/a><\/strong><\/span><\/p>\n<p><strong>Adidas<\/strong> Tambi\u00e9n se present\u00f3 un bal\u00f3n alternativo para los partidos de invierno.<\/p>\n<p><img decoding=\"async\" loading=\"lazy\" class=\"alignnone size-full wp-image-425145\" src=\"https:\/\/www.futboltotal.com.mx\/wp-content\/uploads\/2016\/09\/adidas.jpg\" alt=\"adidas\" srcset=\"http:\/\/desarrollo.grupomedios.com\/futbol\/wp-content\/uploads\/2016\/09\/adidas.jpg 858w, http:\/\/desarrollo.grupomedios.com\/futbol\/wp-content\/uploads\/2016\/09\/adidas-300x151.jpg 300w, http:\/\/desarrollo.grupomedios.com\/futbol\/wp-content\/uploads\/2016\/09\/adidas-768x386.jpg 768w, http:\/\/desarrollo.grupomedios.com\/futbol\/wp-content\/uploads\/2016\/09\/adidas-340x171.jpg 340w\" sizes=\"(max-width: 858px) 100vw, 858px\" \/><\/p>\n<p>&nbsp;<\/p>\n","protected":false},"excerpt":{"rendered":"<p>Adidas ha lanzado el bal\u00f3n oficial para las Eliminatorias Europeas de UEFA<\/p>\n","protected":false},"author":20,"featured_media":425135,"comment_status":"closed","ping_status":"closed","sticky":false,"template":"","format":"standard","meta":[],"categories":[5419,6410,3839,3],"tags":[1560],"_links":{"self":[{"href":"http:\/\/desarrollo.grupomedios.com\/futbol\/wp-json\/wp\/v2\/posts\/425133"}],"collection":[{"href":"http:\/\/desarrollo.grupomedios.com\/futbol\/wp-json\/wp\/v2\/posts"}],"about":[{"href":"http:\/\/desarrollo.grupomedios.com\/futbol\/wp-json\/wp\/v2\/types\/post"}],"author":[{"embeddable":true,"href":"http:\/\/desarrollo.grupomedios.com\/futbol\/wp-json\/wp\/v2\/users\/20"}],"replies":[{"embeddable":true,"href":"http:\/\/desarrollo.grupomedios.com\/futbol\/wp-json\/wp\/v2\/comments?post=425133"}],"version-history":[{"count":0,"href":"http:\/\/desarrollo.grupomedios.com\/futbol\/wp-json\/wp\/v2\/posts\/425133\/revisions"}],"wp:featuredmedia":[{"embeddable":true,"href":"http:\/\/desarrollo.grupomedios.com\/futbol\/wp-json\/wp\/v2\/media\/425135"}],"wp:attachment":[{"href":"http:\/\/desarrollo.grupomedios.com\/futbol\/wp-json\/wp\/v2\/media?parent=425133"}],"wp:term":[{"taxonomy":"category","embeddable":true,"href":"http:\/\/desarrollo.grupomedios.com\/futbol\/wp-json\/wp\/v2\/categories?post=425133"},{"taxonomy":"post_tag","embeddable":true,"href":"http:\/\/desarrollo.grupomedios.com\/futbol\/wp-json\/wp\/v2\/tags?post=425133"}],"curies":[{"name":"wp","href":"https:\/\/api.w.org\/{rel}","templated":true}]}}