{"id":425417,"date":"2016-09-03T11:32:17","date_gmt":"2016-09-03T16:32:17","guid":{"rendered":"https:\/\/www.futboltotal.com.mx\/?p=425417"},"modified":"2016-09-03T11:34:18","modified_gmt":"2016-09-03T16:34:18","slug":"schweinsteiger-yaya-toure-sin-participacion-en-uefa","status":"publish","type":"post","link":"http:\/\/desarrollo.grupomedios.com\/futbol\/futbol-internacional\/schweinsteiger-yaya-toure-sin-participacion-en-uefa\/2016\/09","title":{"rendered":"Schweinsteiger y Yaya Tour\u00e9, sin participaci\u00f3n en UEFA"},"content":{"rendered":"<p>El marfile\u00f1o del Manchester City, <strong>Yaya Tour\u00e9<\/strong>, el portugu\u00e9s campe\u00f3n de Europa <strong>Joao M\u00e1rio<\/strong> y el alem\u00e1n campe\u00f3n del mundo <strong>Bastian\u00a0<span class=\"classCadenaBusqueda\">Schweinsteiger<\/span><\/strong> han sido algunos de los futbolistas ilustres excluidos de las listas<strong> UEFA<\/strong> de los principales clubes europeos.<\/p>\n<p>El oro ol\u00edmpico brasile\u00f1o Gabriel <em>Gabigol<\/em>\u00a0Barbosa, el franc\u00e9s -exjugador del Sevilla- Geoffrey Kondogbia, el montenegrino Stevan Jovetic o el suizo Stefan Lichtsteiner enriquecen el grupo de los que tendr\u00e1n que ver los duelos europeos de esta temporada desde la grada.<\/p>\n<blockquote class=\"twitter-tweet\" data-lang=\"es\">\n<p dir=\"ltr\" lang=\"en\">The official result of the <a href=\"https:\/\/twitter.com\/hashtag\/UCLdraw?src=hash\">#UCLdraw<\/a> <a href=\"https:\/\/t.co\/WxbnD5tLEP\">pic.twitter.com\/WxbnD5tLEP<\/a><\/p>\n<p>\u2014 Champions League (@ChampionsLeague) <a href=\"https:\/\/twitter.com\/ChampionsLeague\/status\/768854957109997569\">25 de agosto de 2016<\/a><\/p><\/blockquote>\n<p><script async src=\"\/\/platform.twitter.com\/widgets.js\" charset=\"utf-8\"><\/script><\/p>\n<p>Si en el caso de <strong>Tour\u00e9<\/strong> o <strong><span class=\"classCadenaBusqueda\">Schweinsteiger<\/span><\/strong> se trat\u00f3 de una decisi\u00f3n t\u00e9cnica, en otras circunstancias las exclusiones se deben a imposiciones de la <strong>UEFA<\/strong>, como para el Inter de Mil\u00e1n, que no pudo inscribir sus mayores fichajes de mercado a causa del &#8220;Juego limpio financiero&#8221;.<\/p>\n<p style=\"text-align: center;\"><span style=\"color: #3366ff;\"><strong>LEER M\u00c1S:\u00a0<a style=\"color: #3366ff;\" href=\"https:\/\/www.futboltotal.com.mx\/2016\/09\/triste-victoria-de-mexico-en-cuscatlan-contra-el-salvador\/\">Triste victoria de M\u00e9xico en Cuscatl\u00e1n<\/a><\/strong><\/span><\/p>\n<p>El exmedio del Barcelona <strong>Tour\u00e9<\/strong>, que fue durante a\u00f1os el perno del centro del campo del Manchester City, perdi\u00f3 protagonismo con la llegada del t\u00e9cnico espa\u00f1ol Pep Guardiola y se qued\u00f3 al margen del equipo.<\/p>\n<p>El nuevo entrenador prefiri\u00f3 apostar por el ingl\u00e9s Fabian Delph, a pesar de que cuente con apenas 6 partidos en la Liga Campeones, antes que el marfile\u00f1o, que en esa competici\u00f3n disput\u00f3 84 encuentros y levant\u00f3 el trofeo en 2009 con la camiseta del Barcelona (precisamente con Guardiola en el banquillo).<\/p>\n<p><strong><span class=\"classCadenaBusqueda\">Schweinsteiger<\/span><\/strong>\u00a0tuvo un destino parecido, y se qued\u00f3 fuera de las listas de su equipo a causa de la competencia generada por los \u00faltimos fichajes.<\/p>\n<blockquote class=\"twitter-tweet\" data-lang=\"es\">\n<p dir=\"ltr\" lang=\"en\">The official result of the <a href=\"https:\/\/twitter.com\/hashtag\/UELdraw?src=hash\">#UELdraw<\/a> <a href=\"https:\/\/t.co\/5Aw0eSrGaf\">pic.twitter.com\/5Aw0eSrGaf<\/a><\/p>\n<p>\u2014 UEFA Europa League (@EuropaLeague) <a href=\"https:\/\/twitter.com\/EuropaLeague\/status\/769138922140172293\">26 de agosto de 2016<\/a><\/p><\/blockquote>\n<p><script async src=\"\/\/platform.twitter.com\/widgets.js\" charset=\"utf-8\"><\/script><\/p>\n<p>Mourinho dej\u00f3 claro desde el principio de su llegada al banquillo del Manchester United que el alem\u00e1n no estaba en sus planes t\u00e1cticos y le excluy\u00f3 de sus 23 futbolistas que podr\u00e1n disputar la fase de grupos de la Liga Europa.<\/p>\n<p>Por su parte, el Inter no podr\u00e1 contar con Joao M\u00e1rio y Gabigol, dos jugadores por los que la nueva propiedad china gast\u00f3 cerca de 72 millones de euros.<\/p>\n<p style=\"text-align: center;\"><span style=\"color: #3366ff;\"><strong>LEER M\u00c1S:\u00a0<a style=\"color: #3366ff;\" href=\"https:\/\/www.futboltotal.com.mx\/2016\/09\/honduras-pide-cambio-arbitro-duelo-vs-mexico\/\">Honduras pide cambio de \u00e1rbitro para duelo vs M\u00e9xico<\/a><\/strong><\/span><\/p>\n<p>Sin embargo, en esta circunstancia no se trata de decisiones t\u00e9cnicas, sino de disposiciones UEFA.<\/p>\n<p>El Inter fue sancionado en la temporada 2014-2015 con una multa de 20 millones de euros y con la imposibilidad de inscribir a jugadores cuya incorporaci\u00f3n no haya sido compensada por una cesi\u00f3n del mismo valor.<\/p>\n<blockquote class=\"twitter-tweet\" data-lang=\"es\">\n<p dir=\"ltr\" lang=\"en\"><a href=\"https:\/\/twitter.com\/hashtag\/Inter?src=hash\">#Inter<\/a> have submitted their squad list for the <a href=\"https:\/\/twitter.com\/hashtag\/UEL?src=hash\">#UEL<\/a> group stages <a href=\"https:\/\/t.co\/6tIAWieZhS\">https:\/\/t.co\/6tIAWieZhS<\/a> <a href=\"https:\/\/twitter.com\/hashtag\/FCIM?src=hash\">#FCIM<\/a> <a href=\"https:\/\/t.co\/S8guIBIHun\">pic.twitter.com\/S8guIBIHun<\/a><\/p>\n<p>\u2014 F.C. Internazionale (@Inter_en) <a href=\"https:\/\/twitter.com\/Inter_en\/status\/771395988720410626\">1 de septiembre de 2016<\/a><\/p><\/blockquote>\n<p><script async src=\"\/\/platform.twitter.com\/widgets.js\" charset=\"utf-8\"><\/script><\/p>\n<p>En los \u00faltimos dos a\u00f1os, el Inter gast\u00f3 cerca de 215 millones de euros e ingres\u00f3 solo 90 millones, lo que hizo imposible la inscripci\u00f3n de Joao M\u00e1rio, pagado 45 millones, Gabriel Barbosa (27) y tampoco del Jovetic (17) y Kondogbia (31).<\/p>\n","protected":false},"excerpt":{"rendered":"<p>Mou y Pep no contaron con los mediocampistas para la UCL Y UEL<\/p>\n","protected":false},"author":20,"featured_media":425423,"comment_status":"closed","ping_status":"closed","sticky":false,"template":"","format":"standard","meta":[],"categories":[3839,5951],"tags":[36,516],"_links":{"self":[{"href":"http:\/\/desarrollo.grupomedios.com\/futbol\/wp-json\/wp\/v2\/posts\/425417"}],"collection":[{"href":"http:\/\/desarrollo.grupomedios.com\/futbol\/wp-json\/wp\/v2\/posts"}],"about":[{"href":"http:\/\/desarrollo.grupomedios.com\/futbol\/wp-json\/wp\/v2\/types\/post"}],"author":[{"embeddable":true,"href":"http:\/\/desarrollo.grupomedios.com\/futbol\/wp-json\/wp\/v2\/users\/20"}],"replies":[{"embeddable":true,"href":"http:\/\/desarrollo.grupomedios.com\/futbol\/wp-json\/wp\/v2\/comments?post=425417"}],"version-history":[{"count":0,"href":"http:\/\/desarrollo.grupomedios.com\/futbol\/wp-json\/wp\/v2\/posts\/425417\/revisions"}],"wp:featuredmedia":[{"embeddable":true,"href":"http:\/\/desarrollo.grupomedios.com\/futbol\/wp-json\/wp\/v2\/media\/425423"}],"wp:attachment":[{"href":"http:\/\/desarrollo.grupomedios.com\/futbol\/wp-json\/wp\/v2\/media?parent=425417"}],"wp:term":[{"taxonomy":"category","embeddable":true,"href":"http:\/\/desarrollo.grupomedios.com\/futbol\/wp-json\/wp\/v2\/categories?post=425417"},{"taxonomy":"post_tag","embeddable":true,"href":"http:\/\/desarrollo.grupomedios.com\/futbol\/wp-json\/wp\/v2\/tags?post=425417"}],"curies":[{"name":"wp","href":"https:\/\/api.w.org\/{rel}","templated":true}]}}