{"id":425435,"date":"2016-09-03T20:48:09","date_gmt":"2016-09-04T01:48:09","guid":{"rendered":"https:\/\/www.futboltotal.com.mx\/?p=425435"},"modified":"2016-09-03T20:53:32","modified_gmt":"2016-09-04T01:53:32","slug":"cubo-torres-estaria-cerca-llegar-a-cruz-azul","status":"publish","type":"post","link":"http:\/\/desarrollo.grupomedios.com\/futbol\/destacado-home\/cubo-torres-estaria-cerca-llegar-a-cruz-azul\/2016\/09","title":{"rendered":"\u00a1Cubo Torres es nuevo refuerzo de Cruz Azul!"},"content":{"rendered":"<p>El delantero mexicano, <strong>Erick\u00a0<em>Cubo\u00a0<\/em>Torres<\/strong>, estar\u00eda cerca de convertirse en nuevo futbolista de <span style=\"color: #ff0000;\"><a style=\"color: #ff0000;\" href=\"http:\/\/futboltotal.com.mx\/equipos\/cruz-azul\/\"><strong>Cruz Azul<\/strong><\/a><\/span> para el Apertura 2016.<\/p>\n<p>El atacante del Houston Dynamo estar\u00eda llegando con los\u00a0<em>cementeros\u00a0<\/em>para jugar lo que resta del a\u00f1o y despu\u00e9s el club mexicano tendr\u00e1 la opci\u00f3n de comprar los derechos del jugador.<\/p>\n<p style=\"text-align: center;\"><span style=\"color: #3366ff;\"><strong>LEER M\u00c1S:\u00a0<a style=\"color: #3366ff;\" href=\"https:\/\/www.futboltotal.com.mx\/2016\/09\/ex-jugador-independiente-del-valle-dio-positivo-en-doping\/\"> Ex jugador de Independiente del Valle dio positivo en doping<\/a><\/strong><\/span><\/p>\n<blockquote class=\"twitter-tweet\" data-lang=\"es\">\n<p dir=\"ltr\" lang=\"en\">BREAKING: The Dynamo have loaned Erick Torres to Liga MX&#8217;s Cruz Azul for remainder of calendar year. Cruz Azul will have option to buy.<\/p>\n<p>\u2014 Corey Roepken (@RipSports) <a href=\"https:\/\/twitter.com\/RipSports\/status\/772102191607795712\">3 de septiembre de 2016<\/a><\/p><\/blockquote>\n<p><script async src=\"\/\/platform.twitter.com\/widgets.js\" charset=\"utf-8\"><\/script><\/p>\n<p>Seg\u00fan medios estadounidenses, el ex jugador de Chivas estar\u00eda buscando un cambio luego de la baja producci\u00f3n que ha tenido con el Dynamo, pues al equipo no le ha ido del todo bien y \u00e9l solo ha conseguido dar dos asistencias y no ha marcado ning\u00fan gol.<\/p>\n<p><strong>ACTUALIZACI\u00d3N<\/strong><\/p>\n<p>A trav\u00e9s de su p\u00e1gina de internet, <strong>Cruz Azul<\/strong> ha hecho oficial la contrataci\u00f3n de<strong> Erick Cubo Torres.<\/strong><\/p>\n<p style=\"text-align: center;\"><strong><span style=\"color: #3366ff;\">LEER M\u00c1S:\u00a0<a style=\"color: #3366ff;\" href=\"https:\/\/www.futboltotal.com.mx\/2016\/09\/schweinsteiger-yaya-toure-sin-participacion-en-uefa\/\">Schweinsteiger y Yaya Tour\u00e9, sin participaci\u00f3n en UEFA<\/a><\/span><\/strong><\/p>\n<p><img decoding=\"async\" loading=\"lazy\" class=\"alignnone size-full wp-image-425441\" src=\"https:\/\/www.futboltotal.com.mx\/wp-content\/uploads\/2016\/09\/cubo-torres-nuevo-refuerzo-cruz-azul.jpg\" alt=\"cubo-torres-nuevo-refuerzo-cruz-azul\" srcset=\"http:\/\/desarrollo.grupomedios.com\/futbol\/wp-content\/uploads\/2016\/09\/cubo-torres-nuevo-refuerzo-cruz-azul.jpg 858w, http:\/\/desarrollo.grupomedios.com\/futbol\/wp-content\/uploads\/2016\/09\/cubo-torres-nuevo-refuerzo-cruz-azul-300x151.jpg 300w, http:\/\/desarrollo.grupomedios.com\/futbol\/wp-content\/uploads\/2016\/09\/cubo-torres-nuevo-refuerzo-cruz-azul-768x386.jpg 768w, http:\/\/desarrollo.grupomedios.com\/futbol\/wp-content\/uploads\/2016\/09\/cubo-torres-nuevo-refuerzo-cruz-azul-340x171.jpg 340w\" sizes=\"(max-width: 858px) 100vw, 858px\" \/><\/p>\n","protected":false},"excerpt":{"rendered":"<p>Cubo llegar\u00eda a pr\u00e9stamo en lo que resta del a\u00f1o<\/p>\n","protected":false},"author":20,"featured_media":425437,"comment_status":"closed","ping_status":"closed","sticky":false,"template":"","format":"standard","meta":[],"categories":[5,2198,3845],"tags":[5962,64],"_links":{"self":[{"href":"http:\/\/desarrollo.grupomedios.com\/futbol\/wp-json\/wp\/v2\/posts\/425435"}],"collection":[{"href":"http:\/\/desarrollo.grupomedios.com\/futbol\/wp-json\/wp\/v2\/posts"}],"about":[{"href":"http:\/\/desarrollo.grupomedios.com\/futbol\/wp-json\/wp\/v2\/types\/post"}],"author":[{"embeddable":true,"href":"http:\/\/desarrollo.grupomedios.com\/futbol\/wp-json\/wp\/v2\/users\/20"}],"replies":[{"embeddable":true,"href":"http:\/\/desarrollo.grupomedios.com\/futbol\/wp-json\/wp\/v2\/comments?post=425435"}],"version-history":[{"count":0,"href":"http:\/\/desarrollo.grupomedios.com\/futbol\/wp-json\/wp\/v2\/posts\/425435\/revisions"}],"wp:featuredmedia":[{"embeddable":true,"href":"http:\/\/desarrollo.grupomedios.com\/futbol\/wp-json\/wp\/v2\/media\/425437"}],"wp:attachment":[{"href":"http:\/\/desarrollo.grupomedios.com\/futbol\/wp-json\/wp\/v2\/media?parent=425435"}],"wp:term":[{"taxonomy":"category","embeddable":true,"href":"http:\/\/desarrollo.grupomedios.com\/futbol\/wp-json\/wp\/v2\/categories?post=425435"},{"taxonomy":"post_tag","embeddable":true,"href":"http:\/\/desarrollo.grupomedios.com\/futbol\/wp-json\/wp\/v2\/tags?post=425435"}],"curies":[{"name":"wp","href":"https:\/\/api.w.org\/{rel}","templated":true}]}}