{"id":425469,"date":"2016-09-04T10:00:20","date_gmt":"2016-09-04T15:00:20","guid":{"rendered":"https:\/\/www.futboltotal.com.mx\/?p=425469"},"modified":"2016-09-04T15:27:59","modified_gmt":"2016-09-04T20:27:59","slug":"10-cosas-que-querias-saber-del-cubo-torres-2","status":"publish","type":"post","link":"http:\/\/desarrollo.grupomedios.com\/futbol\/futbol-mexicano\/10-cosas-que-querias-saber-del-cubo-torres-2\/2016\/09","title":{"rendered":"10 cosas que quer\u00edas saber del Cubo Torres"},"content":{"rendered":"<p>Cuando se pensaba que ya no habr\u00eda m\u00e1s movimientos en cuanto a fichajes,\u00a0<strong>Cruz Azul<\/strong> sorprendi\u00f3 al anunciar la incorporaci\u00f3n del delantero,\u00a0<strong>Erick\u00a0<em>Cubo<\/em> Torres<\/strong>, del cual\u00a0te presentamos <strong>10 cosas que quer\u00edas saber<\/strong>.<\/p>\n<p><span style=\"color: #800000;\"><strong>Rob\u00f3tica celebraci\u00f3n<\/strong><\/span> | Su famoso festejo de robot lo sac\u00f3 del FIFA, pues era la \u00fanica que le sal\u00eda en el comando de movimientos que requer\u00eda el videojuego al momento de celebrar\u00a0una anotaci\u00f3n.<\/p>\n<p><iframe loading=\"lazy\" src=\"https:\/\/www.youtube.com\/embed\/5klxC8_7WZU\" frameborder=\"0\" allowfullscreen=\"allowfullscreen\"><\/iframe><\/p>\n<p><span style=\"color: #800000;\"><strong>Futbol en las venas<\/strong> <\/span>| Toda su familia se ha dedicado al balompi\u00e9, su padre Germ\u00e1n Torres fue delantero, sus hermanos tambi\u00e9n hicieron el intento, uno de ellos pas\u00f3 por la filial del Pachuca.<\/p>\n<p><span style=\"color: #800000;\"><strong>El Mejor de la Major<\/strong><\/span> | En su paso por la MLS, el <strong><em>Cubo<\/em><\/strong> se cans\u00f3 de romper las redes en aquella liga, hizo 22 anotaciones entre 2013-2014, con lo que super\u00f3 a sus compatriotas Carlos Hermosillo (19) y Cuauht\u00e9moc Blanco (16).<\/p>\n<p><span style=\"color: #800000;\"><strong>Peinado de por vida<\/strong><\/span> | El apodo de \u201cCubo\u201d se dio cuando en su infancia su madre le cort\u00f3 el cabello al ras y la cabeza se le ve\u00eda cuadrada.<\/p>\n<blockquote class=\"twitter-tweet\" data-lang=\"es\">\n<p dir=\"ltr\" lang=\"es\">Oficial: Erick Torres, llega a pr\u00e9stamo y se integrar\u00e1 en breve a las filas de <a href=\"https:\/\/twitter.com\/Cruz_Azul_FC\">@Cruz_Azul_FC<\/a> <a href=\"https:\/\/twitter.com\/hashtag\/AzulEsTodo?src=hash\">#AzulEsTodo<\/a> <a href=\"https:\/\/t.co\/h7kVs6fCQe\">pic.twitter.com\/h7kVs6fCQe<\/a><\/p>\n<p>\u2014 CRUZ AZUL FC \u00ae (@Cruz_Azul_FC) <a href=\"https:\/\/twitter.com\/Cruz_Azul_FC\/status\/772125156743389185\">3 de septiembre de 2016<\/a><\/p><\/blockquote>\n<p><script async src=\"\/\/platform.twitter.com\/widgets.js\" charset=\"utf-8\"><\/script><\/p>\n<p><span style=\"color: #800000;\"><strong>Al fondo<\/strong> <\/span>| Su primer gol lo hizo en el Clausura 2011, el 22 de enero de ese a\u00f1o, la cita fue en el Omnilife, el rival San Luis en la fecha 3. Xavier Baez cobr\u00f3 un tiro libre y entre <em>Rojiblancos<\/em> y<em>Gladiadores<\/em>, <strong><em>Cubo<\/em> Torre<em>s<\/em><\/strong> se levant\u00f3 para conectar un testarazo mortal al minuto 66. El esf\u00e9rico pas\u00f3 como un rayo ante la mirada incr\u00e9dula del cancerbero C\u00e9sar Lozano. El tablero indicaba 1-0 y en la cancha se ve\u00eda al dorsal 67 correr con una sonrisa en el rostro.<\/p>\n<p><span style=\"color: #800000;\"><strong>Fuera de la cancha<\/strong><\/span> | Tiene claro que toda vez que cuelgue los bot\u00ednes podr\u00eda incurrir en una carrera frente a las c\u00e1maras de televisi\u00f3n o al micr\u00f3fono de la radio. De no haber sido futbolista, le habr\u00eda gustado la nataci\u00f3n.<\/p>\n<p><span style=\"color: #800000;\"><strong>El \u00eddolo<\/strong><\/span> | Si bien admiti\u00f3 que a\u00f1ora ser como Ronaldo o Jos\u00e9 Saturnino Cardozo; Adolfo Bautista fue su gran mentor, mientras que el <em>Cubo<\/em> formaba parte de las fuerzas b\u00e1sicas.<\/p>\n<p><a href=\"https:\/\/www.futboltotal.com.mx\/wp-content\/uploads\/2016\/09\/cubo-torres-fichaje-cruz-azul-10-curiosidades-1.jpg\"><img decoding=\"async\" loading=\"lazy\" class=\"alignnone size-full wp-image-425477\" src=\"https:\/\/www.futboltotal.com.mx\/wp-content\/uploads\/2016\/09\/cubo-torres-fichaje-cruz-azul-10-curiosidades-1.jpg\" alt=\"Cubo Torres\" srcset=\"http:\/\/desarrollo.grupomedios.com\/futbol\/wp-content\/uploads\/2016\/09\/cubo-torres-fichaje-cruz-azul-10-curiosidades-1.jpg 858w, http:\/\/desarrollo.grupomedios.com\/futbol\/wp-content\/uploads\/2016\/09\/cubo-torres-fichaje-cruz-azul-10-curiosidades-1-300x151.jpg 300w, http:\/\/desarrollo.grupomedios.com\/futbol\/wp-content\/uploads\/2016\/09\/cubo-torres-fichaje-cruz-azul-10-curiosidades-1-768x386.jpg 768w, http:\/\/desarrollo.grupomedios.com\/futbol\/wp-content\/uploads\/2016\/09\/cubo-torres-fichaje-cruz-azul-10-curiosidades-1-340x171.jpg 340w\" sizes=\"(max-width: 858px) 100vw, 858px\" \/><\/a><\/p>\n<p><span style=\"color: #800000;\"><strong>Salud total<\/strong><\/span> | A diferencia de muchos de sus compa\u00f1eros y amigos,\u00a0<strong><em>Cubo<\/em> Torres<\/strong> se niega a fumar y beber; pues prefiere estar con la familia y hacer actos de caridad.<\/p>\n<p><span style=\"color: #800000;\"><strong>Independiente<\/strong><\/span> | Cuando se fue a Chivas USA sinti\u00f3 \u201cmiedo por estar solo y lejos de la familia\u201d, sin embargo, esto le hizo valerse de si mismo: \u201cEs una experiencia muy agradable, el estar lejos de mi familia, vivir solo, hasta prepararme mi comida, Todo eso ayuda a madurar mucho en lo extra futbol y a crecer como persona, me ha venido bien porque veo las cosas de otra manera y las valoro m\u00e1s\u201d.<\/p>\n<p><span style=\"color: #800000;\"><strong>Amor incondicional<\/strong><\/span> | Aunque ahora jugar\u00e1 para <strong>Cruz Azul<\/strong>, Guadalajara tiene el coraz\u00f3n de\u00a0<strong><em>Cubo<\/em> Torres<\/strong>\u00a0donde sue\u00f1a regresar para convertirse en \u00eddolo:\u00a0\u201cQuiero hacer historia, quiero hacer goles en Chivas, quiero ser el delantero titular y darle muchas alegr\u00edas a la afici\u00f3n, tener campeonatos de goleo y darles un campeonato en la liga\u201d.<\/p>\n","protected":false},"excerpt":{"rendered":"<p>Conoce mejor al nuevo delantero del Cruz Azul<\/p>\n","protected":false},"author":20,"featured_media":425471,"comment_status":"closed","ping_status":"closed","sticky":false,"template":"","format":"standard","meta":[],"categories":[2198,3845,5950],"tags":[5962,4274],"_links":{"self":[{"href":"http:\/\/desarrollo.grupomedios.com\/futbol\/wp-json\/wp\/v2\/posts\/425469"}],"collection":[{"href":"http:\/\/desarrollo.grupomedios.com\/futbol\/wp-json\/wp\/v2\/posts"}],"about":[{"href":"http:\/\/desarrollo.grupomedios.com\/futbol\/wp-json\/wp\/v2\/types\/post"}],"author":[{"embeddable":true,"href":"http:\/\/desarrollo.grupomedios.com\/futbol\/wp-json\/wp\/v2\/users\/20"}],"replies":[{"embeddable":true,"href":"http:\/\/desarrollo.grupomedios.com\/futbol\/wp-json\/wp\/v2\/comments?post=425469"}],"version-history":[{"count":0,"href":"http:\/\/desarrollo.grupomedios.com\/futbol\/wp-json\/wp\/v2\/posts\/425469\/revisions"}],"wp:featuredmedia":[{"embeddable":true,"href":"http:\/\/desarrollo.grupomedios.com\/futbol\/wp-json\/wp\/v2\/media\/425471"}],"wp:attachment":[{"href":"http:\/\/desarrollo.grupomedios.com\/futbol\/wp-json\/wp\/v2\/media?parent=425469"}],"wp:term":[{"taxonomy":"category","embeddable":true,"href":"http:\/\/desarrollo.grupomedios.com\/futbol\/wp-json\/wp\/v2\/categories?post=425469"},{"taxonomy":"post_tag","embeddable":true,"href":"http:\/\/desarrollo.grupomedios.com\/futbol\/wp-json\/wp\/v2\/tags?post=425469"}],"curies":[{"name":"wp","href":"https:\/\/api.w.org\/{rel}","templated":true}]}}