{"id":425529,"date":"2016-09-03T20:21:06","date_gmt":"2016-09-04T01:21:06","guid":{"rendered":"https:\/\/www.futboltotal.com.mx\/?p=425529"},"modified":"2016-09-04T14:24:26","modified_gmt":"2016-09-04T19:24:26","slug":"brasil-vuelve-a-causar-euforia","status":"publish","type":"post","link":"http:\/\/desarrollo.grupomedios.com\/futbol\/futbol-internacional\/brasil-vuelve-a-causar-euforia\/2016\/09","title":{"rendered":"Brasil vuelve a causar euforia"},"content":{"rendered":"<p>Un grupo de aficionados invadi\u00f3 el campo mientras la selecci\u00f3n de f\u00fatbol de <strong>Brasil<\/strong> realizaba su primer entrenamiento en Manaos de cara al partido que el martes disputar\u00e1 contra <strong>Colombia<\/strong> por la octava jornada de la eliminatoria suramericana para el Mundial de Rusia 2018.<\/p>\n<p>Poco antes de que concluyera la sesi\u00f3n de entrenamiento, decenas de personas consiguieron burlar la seguridad del estadio Arena da Amazonia.<\/p>\n<p style=\"text-align: center;\"><span style=\"color: #3366ff;\"><a style=\"color: #3366ff;\" href=\"https:\/\/www.futboltotal.com.mx\/futbol-internacional\/\" target=\"_blank\"><strong>LEER M\u00c1S: Toda la informaci\u00f3n del futbol internacional<\/strong><\/a><\/span><\/p>\n<p>Fernandinho, centrocampista del Guangzhou Evergrande chino, que intent\u00f3 poner orden durante el incidente, rest\u00f3 importancia a lo acontecido en la rueda de prensa posterior al entrenamiento.<\/p>\n<p>&#8220;Es por el cari\u00f1o que existe por parte de los aficionados hacia nosotros, los jugadores. S\u00f3lo les ped\u00ed que tuvieran calma para que no pasara nada&#8221;, se\u00f1al\u00f3 el jugador.<\/p>\n<p>Cerca de quince mil personas pudieron presenciar el entrenamiento a cambio de una donaci\u00f3n de un kilo de alimentos para instituciones de caridad.<\/p>\n<p>La iniciativa formaba parte del acuerdo entre la Confederaci\u00f3n Brasile\u00f1a de F\u00fatbol (CBF) y la Justicia, despu\u00e9s de que Fiscal\u00eda solicitara la cancelaci\u00f3n del partido en la ciudad por los precios de las entradas, considerados &#8220;abusivos&#8221;.<\/p>\n<p>&nbsp;<\/p>\n","protected":false},"excerpt":{"rendered":"<p>Un grupo de aficionados invadieron el entrenamiento del Scracth<\/p>\n","protected":false},"author":144,"featured_media":425535,"comment_status":"closed","ping_status":"closed","sticky":false,"template":"","format":"standard","meta":[],"categories":[3839,5951],"tags":[6009,6214],"_links":{"self":[{"href":"http:\/\/desarrollo.grupomedios.com\/futbol\/wp-json\/wp\/v2\/posts\/425529"}],"collection":[{"href":"http:\/\/desarrollo.grupomedios.com\/futbol\/wp-json\/wp\/v2\/posts"}],"about":[{"href":"http:\/\/desarrollo.grupomedios.com\/futbol\/wp-json\/wp\/v2\/types\/post"}],"author":[{"embeddable":true,"href":"http:\/\/desarrollo.grupomedios.com\/futbol\/wp-json\/wp\/v2\/users\/144"}],"replies":[{"embeddable":true,"href":"http:\/\/desarrollo.grupomedios.com\/futbol\/wp-json\/wp\/v2\/comments?post=425529"}],"version-history":[{"count":0,"href":"http:\/\/desarrollo.grupomedios.com\/futbol\/wp-json\/wp\/v2\/posts\/425529\/revisions"}],"wp:featuredmedia":[{"embeddable":true,"href":"http:\/\/desarrollo.grupomedios.com\/futbol\/wp-json\/wp\/v2\/media\/425535"}],"wp:attachment":[{"href":"http:\/\/desarrollo.grupomedios.com\/futbol\/wp-json\/wp\/v2\/media?parent=425529"}],"wp:term":[{"taxonomy":"category","embeddable":true,"href":"http:\/\/desarrollo.grupomedios.com\/futbol\/wp-json\/wp\/v2\/categories?post=425529"},{"taxonomy":"post_tag","embeddable":true,"href":"http:\/\/desarrollo.grupomedios.com\/futbol\/wp-json\/wp\/v2\/tags?post=425529"}],"curies":[{"name":"wp","href":"https:\/\/api.w.org\/{rel}","templated":true}]}}