{"id":425539,"date":"2016-09-03T20:45:31","date_gmt":"2016-09-04T01:45:31","guid":{"rendered":"https:\/\/www.futboltotal.com.mx\/?p=425539"},"modified":"2016-09-03T20:52:53","modified_gmt":"2016-09-04T01:52:53","slug":"que-refuerzo-brillara-mas-en-la-liga-mx","status":"publish","type":"post","link":"http:\/\/desarrollo.grupomedios.com\/futbol\/destacado-home\/que-refuerzo-brillara-mas-en-la-liga-mx\/2016\/09","title":{"rendered":"\u00bfQu\u00e9 refuerzo brillar\u00e1 m\u00e1s en la Liga MX?"},"content":{"rendered":"<p>Este s\u00e1bado, <strong>Cruz Azul<\/strong> sorprendi\u00f3 a todos\u00a0<a href=\"https:\/\/www.futboltotal.com.mx\/2016\/09\/cubo-torres-estaria-cerca-llegar-a-cruz-azul\/\" target=\"_blank\">al anunciar el fichaje de <strong>Erick <em>Cubo<\/em> Torres<\/strong><\/a>, quien regresa a M\u00e9xico tras su paso por la MLS. El delantero cierra los refuerzos de \u00faltimo momento para el Apertura 2016 que est\u00e1 por disputar su octava jornada; al ser un torneo maduro, la duda surge, de las contrataciones que reci\u00e9n se concretaron\u00a0\u00bfqui\u00e9n lograr\u00e1 brillar m\u00e1s en la <a href=\"https:\/\/www.futboltotal.com.mx\/futbol-mexicano\/\" target=\"_blank\"><strong>Liga MX<\/strong><\/a>?<\/p>\n<p><script type=\"text\/javascript\" src=\"\/\/cdn.playbuzz.com\/widget\/feed.js\"><\/script><\/p>\n<div class=\"pb_feed\" data-embed-by=\"d43f3879-83ed-40bc-99d7-fde80605466f\" data-game=\"\/futboltotal\/qu-refuerzo-tendr-mayor-protagonismo-en-la-liga-mx\" data-recommend=\"false\" data-game-info=\"false\" data-comments=\"false\"><\/div>\n","protected":false},"excerpt":{"rendered":"<p>Crack vota por tu favorito <\/p>\n","protected":false},"author":20,"featured_media":425541,"comment_status":"closed","ping_status":"closed","sticky":false,"template":"","format":"standard","meta":[],"categories":[5,2198,3845],"tags":[64],"_links":{"self":[{"href":"http:\/\/desarrollo.grupomedios.com\/futbol\/wp-json\/wp\/v2\/posts\/425539"}],"collection":[{"href":"http:\/\/desarrollo.grupomedios.com\/futbol\/wp-json\/wp\/v2\/posts"}],"about":[{"href":"http:\/\/desarrollo.grupomedios.com\/futbol\/wp-json\/wp\/v2\/types\/post"}],"author":[{"embeddable":true,"href":"http:\/\/desarrollo.grupomedios.com\/futbol\/wp-json\/wp\/v2\/users\/20"}],"replies":[{"embeddable":true,"href":"http:\/\/desarrollo.grupomedios.com\/futbol\/wp-json\/wp\/v2\/comments?post=425539"}],"version-history":[{"count":0,"href":"http:\/\/desarrollo.grupomedios.com\/futbol\/wp-json\/wp\/v2\/posts\/425539\/revisions"}],"wp:featuredmedia":[{"embeddable":true,"href":"http:\/\/desarrollo.grupomedios.com\/futbol\/wp-json\/wp\/v2\/media\/425541"}],"wp:attachment":[{"href":"http:\/\/desarrollo.grupomedios.com\/futbol\/wp-json\/wp\/v2\/media?parent=425539"}],"wp:term":[{"taxonomy":"category","embeddable":true,"href":"http:\/\/desarrollo.grupomedios.com\/futbol\/wp-json\/wp\/v2\/categories?post=425539"},{"taxonomy":"post_tag","embeddable":true,"href":"http:\/\/desarrollo.grupomedios.com\/futbol\/wp-json\/wp\/v2\/tags?post=425539"}],"curies":[{"name":"wp","href":"https:\/\/api.w.org\/{rel}","templated":true}]}}