{"id":425569,"date":"2016-09-04T10:16:46","date_gmt":"2016-09-04T15:16:46","guid":{"rendered":"https:\/\/www.futboltotal.com.mx\/?p=425569"},"modified":"2016-09-04T10:16:46","modified_gmt":"2016-09-04T15:16:46","slug":"america-pierde-a-darwin-quintero","status":"publish","type":"post","link":"http:\/\/desarrollo.grupomedios.com\/futbol\/destacado-home\/america-pierde-a-darwin-quintero\/2016\/09","title":{"rendered":"Am\u00e9rica pierde a Darwin Quintero"},"content":{"rendered":"<p>El delantero colombiano<strong> Carlos Darwin Quintero<\/strong> ser\u00e1 baja por tiempo indefinido con el equipo <strong>Am\u00e9rica\u00a0<\/strong>y est\u00e1 en riesgo de perderse lo que resta del Torneo Apertura 2016.<\/p>\n<p>El <strong>CF Am\u00e9rica<\/strong> inform\u00f3 que el atacante sudamericano &#8220;presenta una tromboflebitis en la pierna derecha que le impide tener actividad f\u00edsica&#8221;. Est\u00e1 descartado para el Cl\u00e1sico Joven ante Cruz Azul del pr\u00f3ximo s\u00e1bado.<\/p>\n<p>\u201cDarwin ser\u00e1 valorado y tratado por un grupo de m\u00e9dicos de distintas especialidades (angi\u00f3logo, hemat\u00f3logo, cardi\u00f3logo, cirujano vascular y endovascular), con quienes se determin\u00f3 un tratamiento en forma integral\u201d.<\/p>\n<p style=\"text-align: center;\"><span style=\"color: #3366ff;\"><strong>LEER M\u00c1S: Un Cl\u00e1sico para curar las heridas<\/strong><\/span><\/p>\n<blockquote class=\"twitter-tweet\" data-lang=\"es\">\n<p dir=\"ltr\" lang=\"pt\">Comunicado oficial <a href=\"https:\/\/twitter.com\/darwinJR3\">@darwinJR3<\/a> <a href=\"https:\/\/twitter.com\/hashtag\/FuerzaDarwin?src=hash\">#FuerzaDarwin<\/a> <a href=\"https:\/\/t.co\/z8Gbqqf7jF\">https:\/\/t.co\/z8Gbqqf7jF<\/a><\/p>\n<p>\u2014 Club Am\u00e9rica (@ClubAmerica) <a href=\"https:\/\/twitter.com\/ClubAmerica\/status\/772274858948382720\">4 de septiembre de 2016<\/a><\/p><\/blockquote>\n<p><script async src=\"\/\/platform.twitter.com\/widgets.js\" charset=\"utf-8\"><\/script><br \/>\n\u201cSe est\u00e1n realizando estudios complementarios para descartar cualquier posibilidad de complicaci\u00f3n. Por el momento deber\u00e1 estar sin actividad f\u00edsica deportiva\u201d, agreg\u00f3 el club.<\/p>\n<p><strong>Darwin Quintero<\/strong> vio acci\u00f3n en los siete partidos que se han disputado del Torneo Apertura 2016 de la Liga MX, con 511 minutos y un total de dos goles marcados.<\/p>\n","protected":false},"excerpt":{"rendered":"<p>El delantero sufre una lesi\u00f3n y es baja por tiempo indefinido<\/p>\n","protected":false},"author":20,"featured_media":425571,"comment_status":"closed","ping_status":"closed","sticky":false,"template":"","format":"standard","meta":[],"categories":[5,2198,3845],"tags":[5959,284],"_links":{"self":[{"href":"http:\/\/desarrollo.grupomedios.com\/futbol\/wp-json\/wp\/v2\/posts\/425569"}],"collection":[{"href":"http:\/\/desarrollo.grupomedios.com\/futbol\/wp-json\/wp\/v2\/posts"}],"about":[{"href":"http:\/\/desarrollo.grupomedios.com\/futbol\/wp-json\/wp\/v2\/types\/post"}],"author":[{"embeddable":true,"href":"http:\/\/desarrollo.grupomedios.com\/futbol\/wp-json\/wp\/v2\/users\/20"}],"replies":[{"embeddable":true,"href":"http:\/\/desarrollo.grupomedios.com\/futbol\/wp-json\/wp\/v2\/comments?post=425569"}],"version-history":[{"count":0,"href":"http:\/\/desarrollo.grupomedios.com\/futbol\/wp-json\/wp\/v2\/posts\/425569\/revisions"}],"wp:featuredmedia":[{"embeddable":true,"href":"http:\/\/desarrollo.grupomedios.com\/futbol\/wp-json\/wp\/v2\/media\/425571"}],"wp:attachment":[{"href":"http:\/\/desarrollo.grupomedios.com\/futbol\/wp-json\/wp\/v2\/media?parent=425569"}],"wp:term":[{"taxonomy":"category","embeddable":true,"href":"http:\/\/desarrollo.grupomedios.com\/futbol\/wp-json\/wp\/v2\/categories?post=425569"},{"taxonomy":"post_tag","embeddable":true,"href":"http:\/\/desarrollo.grupomedios.com\/futbol\/wp-json\/wp\/v2\/tags?post=425569"}],"curies":[{"name":"wp","href":"https:\/\/api.w.org\/{rel}","templated":true}]}}