{"id":425645,"date":"2016-09-04T14:44:29","date_gmt":"2016-09-04T19:44:29","guid":{"rendered":"https:\/\/www.futboltotal.com.mx\/?p=425645"},"modified":"2016-09-04T15:37:40","modified_gmt":"2016-09-04T20:37:40","slug":"reyna-intenta-jugada-crack-acaba-expulsado","status":"publish","type":"post","link":"http:\/\/desarrollo.grupomedios.com\/futbol\/videos\/reyna-intenta-jugada-crack-acaba-expulsado\/2016\/09","title":{"rendered":"Reyna intenta jugada de crack y acaba expulsado"},"content":{"rendered":"<p>El delantero <strong>\u00c1ngel Reyna<\/strong> volvi\u00f3 a dar de qu\u00e9 hablar con el <strong>Celaya<\/strong>, aunque esta vez no fue por haber marcado alg\u00fan gol -es el segundo mejor anotador del club con 3 tantos en ocho duelos- sino por haber sufrido una expulsi\u00f3n en el duelo ante Dorados de Sinalo de la Jornada 8 del <strong>Apertura 2016<\/strong>.<\/p>\n<p>Corr\u00eda le minuto 64 cuando el mexicano intent\u00f3 salir avante entre dos defensores picando la pelota y uno de ellos lo derribo. El juez de l\u00ednea no marc\u00f3 la falta y el delantero le recrimin\u00f3 mientras se levantaba del c\u00e9sped. El \u00e1rbitro central no pas\u00f3 desapercibida la conducta antideportiva de <strong>\u00c1ngel\u00a0Reyna<\/strong> y termin\u00f3 por mostrarle el cart\u00f3n rojo.<\/p>\n<p style=\"text-align: center;\"><strong><span style=\"color: #3366ff;\"><a style=\"color: #3366ff;\" href=\"https:\/\/www.futboltotal.com.mx\/liga-mx\/\">LEER M\u00c1S: Todas las noticias de futbol mexicano<\/a><\/span><\/strong><\/p>\n<div style=\"width: 100%; height: 0px; position: relative; padding-bottom: 56.250%;\"><iframe loading=\"lazy\" style=\"width: 100%; height: 100%; position: absolute;\" src=\"https:\/\/streamable.com\/e\/liqz\" frameborder=\"0\" scrolling=\"no\" allowfullscreen=\"allowfullscreen\"><\/iframe><\/div>\n<p>El Celaya acab\u00f3 con 10 hombres y al final pudo rescatar un punto tras empatar sin goles. Los Toros\u00a0llegaron a quince puntos y en la pr\u00f3ximo jornada se enfrentar\u00e1n a Mineros sin <strong>\u00c1ngel Reyna<\/strong> que al menos pasar\u00e1 un partido en la congeladora tras ser sancionado.<\/p>\n","protected":false},"excerpt":{"rendered":"<p>El delantero se fue a las regaderas por conducta antideportiva<\/p>\n","protected":false},"author":20,"featured_media":425649,"comment_status":"closed","ping_status":"closed","sticky":false,"template":"","format":"standard","meta":[],"categories":[2198,4],"tags":[1659,432],"_links":{"self":[{"href":"http:\/\/desarrollo.grupomedios.com\/futbol\/wp-json\/wp\/v2\/posts\/425645"}],"collection":[{"href":"http:\/\/desarrollo.grupomedios.com\/futbol\/wp-json\/wp\/v2\/posts"}],"about":[{"href":"http:\/\/desarrollo.grupomedios.com\/futbol\/wp-json\/wp\/v2\/types\/post"}],"author":[{"embeddable":true,"href":"http:\/\/desarrollo.grupomedios.com\/futbol\/wp-json\/wp\/v2\/users\/20"}],"replies":[{"embeddable":true,"href":"http:\/\/desarrollo.grupomedios.com\/futbol\/wp-json\/wp\/v2\/comments?post=425645"}],"version-history":[{"count":0,"href":"http:\/\/desarrollo.grupomedios.com\/futbol\/wp-json\/wp\/v2\/posts\/425645\/revisions"}],"wp:featuredmedia":[{"embeddable":true,"href":"http:\/\/desarrollo.grupomedios.com\/futbol\/wp-json\/wp\/v2\/media\/425649"}],"wp:attachment":[{"href":"http:\/\/desarrollo.grupomedios.com\/futbol\/wp-json\/wp\/v2\/media?parent=425645"}],"wp:term":[{"taxonomy":"category","embeddable":true,"href":"http:\/\/desarrollo.grupomedios.com\/futbol\/wp-json\/wp\/v2\/categories?post=425645"},{"taxonomy":"post_tag","embeddable":true,"href":"http:\/\/desarrollo.grupomedios.com\/futbol\/wp-json\/wp\/v2\/tags?post=425645"}],"curies":[{"name":"wp","href":"https:\/\/api.w.org\/{rel}","templated":true}]}}