{"id":425895,"date":"2016-09-05T18:43:15","date_gmt":"2016-09-05T23:43:15","guid":{"rendered":"https:\/\/www.futboltotal.com.mx\/?p=425895"},"modified":"2016-09-05T18:47:02","modified_gmt":"2016-09-05T23:47:02","slug":"lo-que-america-extranara-de-darwin","status":"publish","type":"post","link":"http:\/\/desarrollo.grupomedios.com\/futbol\/videos\/lo-que-america-extranara-de-darwin\/2016\/09","title":{"rendered":"Lo que Am\u00e9rica extra\u00f1ar\u00e1 de Darwin&#8230;"},"content":{"rendered":"<p>En diciembre de 2014, <strong>Am\u00e9rica<\/strong> realiz\u00f3 la contrataci\u00f3n m\u00e1s cara de su historia: pag\u00f3 una cifra cercana a los 13 millones de d\u00f3lares por el fichaje del colombiano <strong>Darwin Quintero<\/strong>, <a href=\"https:\/\/www.futboltotal.com.mx\/2016\/09\/america-pierde-a-darwin-quintero\/\">quien ahora estar\u00e1 fuera de actividad hasta nuevo aviso a causa de una\u00a0tromboflebitis en pierna derecha<\/a>. En el <em>Nido<\/em> extra\u00f1ar\u00e1n al colombiano m\u00e1s de la cuenta. Hay razones a pu\u00f1os. Las principales: su velocidad, v\u00e9rtigo, gambeta, el calibre que tiene como delantero y su calidad como ser humano.<\/p>\n<p>&#8220;Nos reforzamos con <strong>Darwin<\/strong> porque es uno de los mejores extranjeros que hay en la liga&#8221;, dijo el Presidente Deportivo del club Ricardo Pel\u00e1ez. Desde que lleg\u00f3 al Am\u00e9rica, el colombiano ha ido a la alza. Con Gustavo Matosas, el primer DT que lo dirigi\u00f3 en Coapa, le cost\u00f3 trabajo lucir en la Liga MX, pero en la Liga de Campeones de la Concacaf fue protagonista con cinco asistencias y un gol que ayudaron a las <em>\u00c1guilas<\/em> a la conquista del t\u00edtulo.<\/p>\n<p style=\"text-align: center;\"><span style=\"color: #3366ff;\"><strong>LEER M\u00c1S: Todas las noticias de futbol internacional\u00a0<\/strong><\/span><\/p>\n<p>[video_player]https:\/\/player.vimeo.com\/external\/181546454.hd.mp4?s=c0df60f5e4577ebccc6ca74222b338e62c43879e&amp;profile_id=174[\/video_player]<\/p>\n<p>Lo mejor de <strong>Darwin<\/strong> lleg\u00f3 con Ignacio Ambriz. Fue hasta entonces cuando pag\u00f3 con creces la titularidad totalizando 20 goles y 16 asistencias en poco m\u00e1s de a\u00f1o y medio. En las siete jornadas que van del Apertura 2016, su productividad solo es menor a la de Oribe Peralta. &#8220;Estamos conscientes de que perdemos un gran delantero. Confiamos en que pronto este de vuelta&#8221;, admiti\u00f3 Ambriz. &#8220;Ahora solo importa que se recupere y que est\u00e9 con su familia&#8221;, remat\u00f3.<\/p>\n<p>&nbsp;<\/p>\n","protected":false},"excerpt":{"rendered":"<p>El colombiano es uno de los mejores delanteros del club<\/p>\n","protected":false},"author":20,"featured_media":425909,"comment_status":"closed","ping_status":"closed","sticky":false,"template":"","format":"standard","meta":[],"categories":[2198,3845,4],"tags":[5959,284],"_links":{"self":[{"href":"http:\/\/desarrollo.grupomedios.com\/futbol\/wp-json\/wp\/v2\/posts\/425895"}],"collection":[{"href":"http:\/\/desarrollo.grupomedios.com\/futbol\/wp-json\/wp\/v2\/posts"}],"about":[{"href":"http:\/\/desarrollo.grupomedios.com\/futbol\/wp-json\/wp\/v2\/types\/post"}],"author":[{"embeddable":true,"href":"http:\/\/desarrollo.grupomedios.com\/futbol\/wp-json\/wp\/v2\/users\/20"}],"replies":[{"embeddable":true,"href":"http:\/\/desarrollo.grupomedios.com\/futbol\/wp-json\/wp\/v2\/comments?post=425895"}],"version-history":[{"count":0,"href":"http:\/\/desarrollo.grupomedios.com\/futbol\/wp-json\/wp\/v2\/posts\/425895\/revisions"}],"wp:featuredmedia":[{"embeddable":true,"href":"http:\/\/desarrollo.grupomedios.com\/futbol\/wp-json\/wp\/v2\/media\/425909"}],"wp:attachment":[{"href":"http:\/\/desarrollo.grupomedios.com\/futbol\/wp-json\/wp\/v2\/media?parent=425895"}],"wp:term":[{"taxonomy":"category","embeddable":true,"href":"http:\/\/desarrollo.grupomedios.com\/futbol\/wp-json\/wp\/v2\/categories?post=425895"},{"taxonomy":"post_tag","embeddable":true,"href":"http:\/\/desarrollo.grupomedios.com\/futbol\/wp-json\/wp\/v2\/tags?post=425895"}],"curies":[{"name":"wp","href":"https:\/\/api.w.org\/{rel}","templated":true}]}}