{"id":425981,"date":"2016-09-06T11:14:15","date_gmt":"2016-09-06T16:14:15","guid":{"rendered":"https:\/\/www.futboltotal.com.mx\/?p=425981"},"modified":"2016-09-06T12:49:23","modified_gmt":"2016-09-06T17:49:23","slug":"los-riesgos-la-enfermedad-darwin-quintero","status":"publish","type":"post","link":"http:\/\/desarrollo.grupomedios.com\/futbol\/destacado-home\/los-riesgos-la-enfermedad-darwin-quintero\/2016\/09","title":{"rendered":"Los riesgos del padecimiento de Darwin Quintero"},"content":{"rendered":"<p>El <a href=\"http:\/\/www.futboltotal.com.mx\/equipos\/america\/\" target=\"_blank\"><strong>Am\u00e9rica<\/strong><\/a> sufri\u00f3 una baja muy sensible de cara al resto del Apertura 2016, pues el colombiano <strong>Darwin Quintero<\/strong>, ya no podr\u00e1 jugar por el resto del torneo, debido a una tromboflebitis que sufri\u00f3 en la pierna derecha.<\/p>\n<p>El padecimiento de<strong> Darwin Quintero<\/strong> es de sumo cuidado, por eso el delantero debe de dejar las canchas, antes de que se vuelva peligroso o incluso mortal, ya que, de hacerse cr\u00f3nico, el delantero del <strong>Am\u00e9rica<\/strong> podr\u00eda tener el mismo destino que Miguel Calero, quien sufr\u00eda una enfermedad similar.<\/p>\n<p>Para entender mejor el problema de salud que aqueja a\u00a0<strong>Darwin Quintero<\/strong>, en <strong>Futbol Total<\/strong> presentamos algunos puntos b\u00e1sicos, que resumen el problema m\u00e9dico.<\/p>\n<p style=\"text-align: center;\"><span style=\"color: #3366ff;\"><a style=\"color: #3366ff;\" href=\"https:\/\/www.futboltotal.com.mx\/2016\/09\/darwin-quintero-desmiente-rumores-muerte\/\" target=\"_blank\"><strong>LEER M\u00c1S: Darwin Quintero desmiente rumores sobre su muerte<\/strong><\/a><\/span><\/p>\n<p><a href=\"https:\/\/www.futboltotal.com.mx\/wp-content\/uploads\/2016\/09\/darwin1.jpg\"><img decoding=\"async\" loading=\"lazy\" class=\"size-full wp-image-426103 aligncenter\" src=\"https:\/\/www.futboltotal.com.mx\/wp-content\/uploads\/2016\/09\/darwin1.jpg\" alt=\"darwin(1)\" srcset=\"http:\/\/desarrollo.grupomedios.com\/futbol\/wp-content\/uploads\/2016\/09\/darwin1.jpg 858w, http:\/\/desarrollo.grupomedios.com\/futbol\/wp-content\/uploads\/2016\/09\/darwin1-267x300.jpg 267w, http:\/\/desarrollo.grupomedios.com\/futbol\/wp-content\/uploads\/2016\/09\/darwin1-768x864.jpg 768w\" sizes=\"(max-width: 858px) 100vw, 858px\" \/><\/a><\/p>\n<p>Una tromboflebitis es un co\u00e1gulo que se forma en una parte del cuerpo. &#8220;Si tapa una arteria o vaso sangu\u00edneo se podr\u00eda producir un peque\u00f1o infarto dependiendo del \u00e1rea que est\u00e9 irrigada por esa arteria; podr\u00eda suceder un infarto card\u00edaco, pulmonar o cerebral&#8221;, se\u00f1ala el doctor, Roberto Rodr\u00edguez, ex jefe de servicios m\u00e9dicos de Pumas.<\/p>\n<p><strong>Carlos Darwin Quintero<\/strong> podr\u00eda regresar al balompi\u00e9 muy pronto, debido a que se le detect\u00f3 a tiempo el padecimiento; no obstante, si su problema de prote\u00ednas es grave, el delantero estar\u00eda imposibilitado de cualquier participaci\u00f3n, por tiempo indefinido.<\/p>\n<p style=\"text-align: center;\"><span style=\"color: #3366ff;\"><a style=\"color: #3366ff;\" href=\"https:\/\/www.futboltotal.com.mx\/2016\/09\/lo-que-america-extranara-de-darwin\/\" target=\"_blank\"><strong>LEER M\u00c1S: Grandes jugadas de Darwin Quintero<\/strong><\/a><\/span><\/p>\n<p>\u201cSi tiene una deficiencia de prote\u00ednas, <strong>Darwin Quintero<\/strong> tiene que someterse a un tratamiento de anticoaugulaci\u00f3n el cual le impide regresar a jugar futbol porque se pone en riesgo su salud sobre todo por estar expuesto a un traumatismo que presente un sangrado a nivel cerebral&#8221;, seg\u00fan Vicente L\u00f3pez, m\u00e9dico que atendi\u00f3 a Miguel Calero.<\/p>\n<p>El galeno a\u00f1ade que un problema de colesterol tambi\u00e9n obliga a <strong>Darwin Quintero<\/strong> a llevar una dieta balanceada, pues Miguel Calero lleg\u00f3 hasta la \u00faltima instancia, debido a un cambio dr\u00e1stico en su presi\u00f3n.<\/p>\n<p>&#8220;Miguel al retirarse lleva un ritmo de vida donde s\u00ed hay ejercicio, pero finalmente hay un dep\u00f3sito de colesterol que en personas j\u00f3venes cuando se deposita en la arteria esta placa puede romperse m\u00e1s f\u00e1cilmente que una persona de mayor edad y cualquier alteraci\u00f3n m\u00ednima de la presi\u00f3n o alg\u00fan esfuerzo puede romper la placa y se forma el co\u00e1gulo que obstruye la arteria. Y en el caso de Miguel le obstruy\u00f3 una arteria que ocasion\u00f3 un infarto cerebral&#8221;, concluy\u00f3 el doctor.<\/p>\n","protected":false},"excerpt":{"rendered":"<p>El colombiano tiene que dejar el futbol por cuesti\u00f3n de vida o muerte<\/p>\n","protected":false},"author":20,"featured_media":425983,"comment_status":"closed","ping_status":"closed","sticky":false,"template":"","format":"standard","meta":[],"categories":[5419,5,2198,3845],"tags":[5959,284],"_links":{"self":[{"href":"http:\/\/desarrollo.grupomedios.com\/futbol\/wp-json\/wp\/v2\/posts\/425981"}],"collection":[{"href":"http:\/\/desarrollo.grupomedios.com\/futbol\/wp-json\/wp\/v2\/posts"}],"about":[{"href":"http:\/\/desarrollo.grupomedios.com\/futbol\/wp-json\/wp\/v2\/types\/post"}],"author":[{"embeddable":true,"href":"http:\/\/desarrollo.grupomedios.com\/futbol\/wp-json\/wp\/v2\/users\/20"}],"replies":[{"embeddable":true,"href":"http:\/\/desarrollo.grupomedios.com\/futbol\/wp-json\/wp\/v2\/comments?post=425981"}],"version-history":[{"count":0,"href":"http:\/\/desarrollo.grupomedios.com\/futbol\/wp-json\/wp\/v2\/posts\/425981\/revisions"}],"wp:featuredmedia":[{"embeddable":true,"href":"http:\/\/desarrollo.grupomedios.com\/futbol\/wp-json\/wp\/v2\/media\/425983"}],"wp:attachment":[{"href":"http:\/\/desarrollo.grupomedios.com\/futbol\/wp-json\/wp\/v2\/media?parent=425981"}],"wp:term":[{"taxonomy":"category","embeddable":true,"href":"http:\/\/desarrollo.grupomedios.com\/futbol\/wp-json\/wp\/v2\/categories?post=425981"},{"taxonomy":"post_tag","embeddable":true,"href":"http:\/\/desarrollo.grupomedios.com\/futbol\/wp-json\/wp\/v2\/tags?post=425981"}],"curies":[{"name":"wp","href":"https:\/\/api.w.org\/{rel}","templated":true}]}}