{"id":426025,"date":"2016-09-05T21:13:31","date_gmt":"2016-09-06T02:13:31","guid":{"rendered":"https:\/\/www.futboltotal.com.mx\/?p=426025"},"modified":"2016-09-05T21:14:15","modified_gmt":"2016-09-06T02:14:15","slug":"toure-dejara-el-manchester-city","status":"publish","type":"post","link":"http:\/\/desarrollo.grupomedios.com\/futbol\/futbol-internacional\/toure-dejara-el-manchester-city\/2016\/09","title":{"rendered":"Tour\u00e9 dejar\u00e1 el Manchester City"},"content":{"rendered":"<p>Dimitri Seluk, agente del marfile\u00f1o <strong>Yaya Tour\u00e9<\/strong>, se\u00f1al\u00f3 que su representado &#8220;firmar\u00e1 un precontrato con un club europeo en enero&#8221; y advirti\u00f3 que el <strong>Manchester City<\/strong> &#8220;perder\u00e1 millones de aficionados africanos por la decisi\u00f3n de Guardiola&#8221; de no inscribir al jugador en la Champions League.<\/p>\n<p>El pasado viernes, el <strong>City<\/strong> dio a conocer la lista de 21 inscritos para disputar la fase de grupos de la pr\u00f3xima edici\u00f3n de la Liga de Campeones, en la que no figuraba Tour\u00e9.<\/p>\n<p style=\"text-align: center;\"><a href=\"https:\/\/www.futboltotal.com.mx\/futbol-internacional\/\"><span style=\"color: #3366ff;\"><strong>LEER M\u00c1S: Todas las noticias de futbol internacional<\/strong><\/span><\/a><\/p>\n<p>&#8220;Van a perder muchos millones de aficionados africanos por la decisi\u00f3n de Guardiola&#8221;, dijo Seluk este lunes al diario brit\u00e1nico<em> Daily Mail.<\/em><\/p>\n<p>&#8220;Ahora empezar\u00e1n a apoyar al Manchester United. Hay muchos hinchas en \u00c1frica que dicen que no volver\u00e1n a ver ning\u00fan partido del City por televisi\u00f3n&#8221;, coment\u00f3 el agente.<\/p>\n<p><strong>Tour\u00e9,<\/strong> de 33 a\u00f1os, no ha tenido protagonismo desde la llegada de Guardiola al Etihad Stadium y s\u00f3lo ha disputado un encuentro, el partido de vuelta de la previa de la Champions League frente al Steaua Bucarest.<\/p>\n<p>Pese al poco protagonismo de<strong> Tour\u00e9<\/strong> esta campa\u00f1a, su agente ha reiterado que el jugador marfile\u00f1o cumplir\u00e1 el \u00faltimo a\u00f1o de su contrato -con un salario de 220.000 libras a las semana-, aunque firmar\u00e1 un precontrato con un club europeo en enero.<\/p>\n<p>&#8220;En enero, Yaya puede firmar un precontrato con cualquier club extranjero&#8221;, explic\u00f3 Seluk. &#8220;Tendr\u00e1 ofertas de muchos clubes. En China y Estados Unidos le quieren seguro y recibir\u00e1 muchas propuestas de Inglaterra y de Europa. Est\u00e1 en muy buena condici\u00f3n f\u00edsica; creo que ha perdido siete kilos&#8221;, se\u00f1al\u00f3 el agente.<\/p>\n<p>&#8220;Quiz\u00e1 (Yaya) no sea lo suficientemente bueno para Guardiola, pero Zlatan Ibrahimovic tampoco lo era. Veremos qu\u00e9 sucede en enero, ya que todav\u00eda faltan tres meses&#8221;, concluy\u00f3 Seluk.<\/p>\n","protected":false},"excerpt":{"rendered":"<p>El mediocampista marfile\u00f1o firmar\u00e1 un precontrato con otro club <\/p>\n","protected":false},"author":20,"featured_media":426027,"comment_status":"closed","ping_status":"closed","sticky":false,"template":"","format":"standard","meta":[],"categories":[3839,3846,5951],"tags":[5993,6068],"_links":{"self":[{"href":"http:\/\/desarrollo.grupomedios.com\/futbol\/wp-json\/wp\/v2\/posts\/426025"}],"collection":[{"href":"http:\/\/desarrollo.grupomedios.com\/futbol\/wp-json\/wp\/v2\/posts"}],"about":[{"href":"http:\/\/desarrollo.grupomedios.com\/futbol\/wp-json\/wp\/v2\/types\/post"}],"author":[{"embeddable":true,"href":"http:\/\/desarrollo.grupomedios.com\/futbol\/wp-json\/wp\/v2\/users\/20"}],"replies":[{"embeddable":true,"href":"http:\/\/desarrollo.grupomedios.com\/futbol\/wp-json\/wp\/v2\/comments?post=426025"}],"version-history":[{"count":0,"href":"http:\/\/desarrollo.grupomedios.com\/futbol\/wp-json\/wp\/v2\/posts\/426025\/revisions"}],"wp:featuredmedia":[{"embeddable":true,"href":"http:\/\/desarrollo.grupomedios.com\/futbol\/wp-json\/wp\/v2\/media\/426027"}],"wp:attachment":[{"href":"http:\/\/desarrollo.grupomedios.com\/futbol\/wp-json\/wp\/v2\/media?parent=426025"}],"wp:term":[{"taxonomy":"category","embeddable":true,"href":"http:\/\/desarrollo.grupomedios.com\/futbol\/wp-json\/wp\/v2\/categories?post=426025"},{"taxonomy":"post_tag","embeddable":true,"href":"http:\/\/desarrollo.grupomedios.com\/futbol\/wp-json\/wp\/v2\/tags?post=426025"}],"curies":[{"name":"wp","href":"https:\/\/api.w.org\/{rel}","templated":true}]}}