{"id":426049,"date":"2016-09-06T10:14:59","date_gmt":"2016-09-06T15:14:59","guid":{"rendered":"https:\/\/www.futboltotal.com.mx\/?p=426049"},"modified":"2016-09-06T13:01:15","modified_gmt":"2016-09-06T18:01:15","slug":"mexico-con-posibilidad-de-mundial-en-2026","status":"publish","type":"post","link":"http:\/\/desarrollo.grupomedios.com\/futbol\/destacado-home\/mexico-con-posibilidad-de-mundial-en-2026\/2016\/09","title":{"rendered":"M\u00e9xico, con posibilidad de Mundial en 2026"},"content":{"rendered":"<p>El Presidente de al <strong>FIFA<\/strong>, Gianni Infantino, coment\u00f3 que est\u00e1 abierto a la posibilidad de una <strong>Copa del Mundo<\/strong> con 40 pa\u00edses y que en 2026 puedan ser distintos anfitriones, tomando en cuenta la candidatura conjunta de Estados Unidos, Canad\u00e1 y <strong>M\u00e9xico.<\/strong><\/p>\n<p>Para el certamen mundialista de 2026 la regi\u00f3n de la Concacaf estar\u00eda entre las favoritas a la victoria, pues el ciclo de continentes estar\u00eda dando la vuelta luego de que el \u00faltimo <strong>Mundial<\/strong> disputado en Norteam\u00e9rica fue en 1994, precisamente en Estados Unidos.<\/p>\n<p style=\"text-align: center;\"><strong><span style=\"color: #3366ff;\">LEER M\u00c1S:\u00a0<a style=\"color: #3366ff;\" href=\"https:\/\/www.futboltotal.com.mx\/2016\/09\/empresario-salvadoreno-quiso-sobornar-a-futbolistas\/\">Empresario salvadore\u00f1o quiso sobornar a futbolistas<\/a><\/span><\/strong><\/p>\n<blockquote><p>&#8220;Estos dos temas estar\u00e1n sin duda sobre la mesa de discusi\u00f3n del Consejo de la FIFA&#8221;, dijo que Infantino, que llevar\u00e1 a cabo el consejo el pr\u00f3ximo 13 y 14 de octubre en Zurich.<\/p><\/blockquote>\n<p>El nuevo Presidente de la <strong>FIFA<\/strong> tambi\u00e9n fue preguntado sobre la candidatura de los tres pa\u00edses norteamericanos al <strong>Mundial<\/strong> de 2026, luego de que \u00e9l tambi\u00e9n resolviera la realizaci\u00f3n de la Euro 2020 en 13 pa\u00edses.<\/p>\n<blockquote><p>&#8220;Yo dir\u00eda que no hay l\u00edmites a lo que sea bueno para el futbol.\u00a0Veremos, pero es verdad que la <b>CONCACAF<\/b> hace mucho tiempo que no tiene el <b>Mundial<\/b>&#8220;, confes\u00f3 Infantino.<\/p><\/blockquote>\n<p style=\"text-align: center;\"><strong><span style=\"color: #3366ff;\">LEER M\u00c1S:\u00a0<a style=\"color: #3366ff;\" href=\"https:\/\/www.futboltotal.com.mx\/2016\/09\/la-agenda-la-fecha-fifa-5-6-septiembre\/\">\u00a1Juegos determinantes en distintas latitudes!<\/a><\/span><\/strong><\/p>\n<p>Adem\u00e1s, el suizo coment\u00f3 que mantiene sus intenciones de incrementar la <strong>Copa del Mundo<\/strong> a 40 selecciones m\u00e1s. Las federaciones miembro de la FIFA elegir\u00e1n.<\/p>\n<blockquote><p>&#8220;Mi opini\u00f3n sobre los 40 equipos no ha cambiado.\u00a0Los vimos en la <b>Euro<\/b> en <b>Francia<\/b> con ocho equipos m\u00e1s, el entusiasmo que despert\u00f3 en muchos pa\u00edses&#8221;, coment\u00f3, considerando lo importante que es para la sociedad un evento de tal magnitud:\u00a0&#8220;Debemos comprender que esta clase de eventos son m\u00e1s que una competencia, son verdaderos eventos sociales en el mundo entero&#8221;.<\/p><\/blockquote>\n","protected":false},"excerpt":{"rendered":"<p>Infantino tomar\u00e1 en cuenta la candidatura conjunta de Estados Unidos, M\u00e9xico y Canad\u00e1<\/p>\n","protected":false},"author":20,"featured_media":426063,"comment_status":"closed","ping_status":"closed","sticky":false,"template":"","format":"standard","meta":[],"categories":[5,3839],"tags":[133],"_links":{"self":[{"href":"http:\/\/desarrollo.grupomedios.com\/futbol\/wp-json\/wp\/v2\/posts\/426049"}],"collection":[{"href":"http:\/\/desarrollo.grupomedios.com\/futbol\/wp-json\/wp\/v2\/posts"}],"about":[{"href":"http:\/\/desarrollo.grupomedios.com\/futbol\/wp-json\/wp\/v2\/types\/post"}],"author":[{"embeddable":true,"href":"http:\/\/desarrollo.grupomedios.com\/futbol\/wp-json\/wp\/v2\/users\/20"}],"replies":[{"embeddable":true,"href":"http:\/\/desarrollo.grupomedios.com\/futbol\/wp-json\/wp\/v2\/comments?post=426049"}],"version-history":[{"count":0,"href":"http:\/\/desarrollo.grupomedios.com\/futbol\/wp-json\/wp\/v2\/posts\/426049\/revisions"}],"wp:featuredmedia":[{"embeddable":true,"href":"http:\/\/desarrollo.grupomedios.com\/futbol\/wp-json\/wp\/v2\/media\/426063"}],"wp:attachment":[{"href":"http:\/\/desarrollo.grupomedios.com\/futbol\/wp-json\/wp\/v2\/media?parent=426049"}],"wp:term":[{"taxonomy":"category","embeddable":true,"href":"http:\/\/desarrollo.grupomedios.com\/futbol\/wp-json\/wp\/v2\/categories?post=426049"},{"taxonomy":"post_tag","embeddable":true,"href":"http:\/\/desarrollo.grupomedios.com\/futbol\/wp-json\/wp\/v2\/tags?post=426049"}],"curies":[{"name":"wp","href":"https:\/\/api.w.org\/{rel}","templated":true}]}}