{"id":426101,"date":"2016-09-06T11:17:34","date_gmt":"2016-09-06T16:17:34","guid":{"rendered":"https:\/\/www.futboltotal.com.mx\/?p=426101"},"modified":"2016-09-06T11:17:34","modified_gmt":"2016-09-06T16:17:34","slug":"arsenal-y-manchester-se-interesaron-en-yaya-toure","status":"publish","type":"post","link":"http:\/\/desarrollo.grupomedios.com\/futbol\/futbol-internacional\/arsenal-y-manchester-se-interesaron-en-yaya-toure\/2016\/09","title":{"rendered":"Arsenal y Manchester se interesaron en Yaya Tour\u00e9"},"content":{"rendered":"<p style=\"text-align: left;\">El <strong>Arsenal<\/strong> y el <strong>Manchester United<\/strong> se han interesado en hacerse con los servicios del centrocampista marfile\u00f1o del <strong>Manchester City<\/strong> <strong>Yaya Tour\u00e9<\/strong>, seg\u00fan ha revelado este martes el agente del futbolista, Dimitri Seluk.<\/p>\n<p><strong>Tour\u00e9<\/strong>, de 33 a\u00f1os, al que le queda menos de uno de contrato con el <strong>City<\/strong>, <a href=\"https:\/\/www.futboltotal.com.mx\/2016\/09\/guardiola-deja-sin-champions-a-yaya-toure\/\" target=\"_blank\">no entra en los planes del t\u00e9cnico Pep Guardiola<\/a>, quien no lo ha inscrito en la lista para la pr\u00f3xima edici\u00f3n de la Liga de Campeones.<\/p>\n<p style=\"text-align: center;\"><span style=\"color: #3366ff;\"><strong>LEER M\u00c1S:\u00a0<a style=\"color: #3366ff;\" href=\"https:\/\/www.futboltotal.com.mx\/2016\/09\/darwin-quintero-desmiente-rumores-muerte\/\">Darwin Quintero desmiente rumores sobre su muerte<\/a><\/strong><\/span><\/p>\n<p>Sin embargo, Seluk ha asegurado que <strong>Arsenal<\/strong> y <strong>Manchester United<\/strong> han mostrado inter\u00e9s en hacerse con el centrocampista africano, aunque ha recalcado que fichar por<em>\u00a0Gunners<\/em>\u00a0o <em>Diablos Rojos<\/em>\u00a0es &#8220;imposible&#8221;.<\/p>\n<p>El pol\u00e9mico y controvertido agente ha revelado tambi\u00e9n que su representado ha recibido propuestas de China, Turqu\u00eda, Italia y Estados Unidos.<\/p>\n<p>El lunes, Seluk anunci\u00f3 que <strong>Tour\u00e9<\/strong> cumplir\u00e1 su contrato -con un salario de 220.000 libras a las semana- con el <strong>City<\/strong>, aunque el pr\u00f3ximo mes de enero firmar\u00e1 un precontrato con un club europeo.<\/p>\n<blockquote class=\"twitter-tweet\" data-lang=\"es\">\n<p dir=\"ltr\" lang=\"es\">As\u00ed ha sido el mercado de fichajes para el <a href=\"https:\/\/twitter.com\/hashtag\/MCFCEspanol?src=hash\">#MCFCEspanol<\/a>.<\/p>\n<p>Video completo:<br \/>\n\u27a1 <a href=\"https:\/\/t.co\/ou9y3G6vbh\">https:\/\/t.co\/ou9y3G6vbh<\/a> <a href=\"https:\/\/t.co\/aTIrqOPKFM\">pic.twitter.com\/aTIrqOPKFM<\/a><\/p>\n<p>\u2014 Manchester City (@ManCityES) <a href=\"https:\/\/twitter.com\/ManCityES\/status\/773177213709651970\">6 de septiembre de 2016<\/a><\/p><\/blockquote>\n<p><script async src=\"\/\/platform.twitter.com\/widgets.js\" charset=\"utf-8\"><\/script><\/p>\n<p><strong>Tour\u00e9<\/strong>, fichado procedente del Barcelona en verano de 2010, no ha tenido protagonismo desde la llegada de Guardiola al Etihad Stadium y s\u00f3lo ha disputado un encuentro, el partido de vuelta de la previa de la Liga de Campeones frente al Steaua Bucarest.<\/p>\n<p>El pasado viernes, el <strong>City<\/strong> dio a conocer la lista de 21 inscritos para disputar la fase de grupos de la pr\u00f3xima edici\u00f3n de la Champions, en la que no figura el jugador marfile\u00f1o. EFE<\/p>\n<p style=\"text-align: center;\"><strong><span style=\"color: #3366ff;\">LEER M\u00c1S:\u00a0<a style=\"color: #3366ff;\" href=\"https:\/\/www.futboltotal.com.mx\/2016\/09\/mexico-con-posibilidad-de-mundial-en-2026\/\">M\u00e9xico, con posibilidad de Mundial en 2026<\/a><\/span><\/strong><\/p>\n","protected":false},"excerpt":{"rendered":"<p>Yaya tambi\u00e9n ha recibido propuestas de China, Turqu\u00eda, Italia y Estados Unidos.<\/p>\n","protected":false},"author":20,"featured_media":426109,"comment_status":"closed","ping_status":"closed","sticky":false,"template":"","format":"standard","meta":[],"categories":[3839,5951],"tags":[6044,43,6068],"_links":{"self":[{"href":"http:\/\/desarrollo.grupomedios.com\/futbol\/wp-json\/wp\/v2\/posts\/426101"}],"collection":[{"href":"http:\/\/desarrollo.grupomedios.com\/futbol\/wp-json\/wp\/v2\/posts"}],"about":[{"href":"http:\/\/desarrollo.grupomedios.com\/futbol\/wp-json\/wp\/v2\/types\/post"}],"author":[{"embeddable":true,"href":"http:\/\/desarrollo.grupomedios.com\/futbol\/wp-json\/wp\/v2\/users\/20"}],"replies":[{"embeddable":true,"href":"http:\/\/desarrollo.grupomedios.com\/futbol\/wp-json\/wp\/v2\/comments?post=426101"}],"version-history":[{"count":0,"href":"http:\/\/desarrollo.grupomedios.com\/futbol\/wp-json\/wp\/v2\/posts\/426101\/revisions"}],"wp:featuredmedia":[{"embeddable":true,"href":"http:\/\/desarrollo.grupomedios.com\/futbol\/wp-json\/wp\/v2\/media\/426109"}],"wp:attachment":[{"href":"http:\/\/desarrollo.grupomedios.com\/futbol\/wp-json\/wp\/v2\/media?parent=426101"}],"wp:term":[{"taxonomy":"category","embeddable":true,"href":"http:\/\/desarrollo.grupomedios.com\/futbol\/wp-json\/wp\/v2\/categories?post=426101"},{"taxonomy":"post_tag","embeddable":true,"href":"http:\/\/desarrollo.grupomedios.com\/futbol\/wp-json\/wp\/v2\/tags?post=426101"}],"curies":[{"name":"wp","href":"https:\/\/api.w.org\/{rel}","templated":true}]}}