{"id":426737,"date":"2016-09-07T13:57:25","date_gmt":"2016-09-07T18:57:25","guid":{"rendered":"https:\/\/www.futboltotal.com.mx\/?p=426737"},"modified":"2016-09-07T13:58:55","modified_gmt":"2016-09-07T18:58:55","slug":"carlos-vela-disponible-para-el-tri","status":"publish","type":"post","link":"http:\/\/desarrollo.grupomedios.com\/futbol\/destacado-home\/carlos-vela-disponible-para-el-tri\/2016\/09","title":{"rendered":"Carlos Vela, disponible para el TRI"},"content":{"rendered":"<div class=\"field field-name-body field-type-text-with-summary field-label-hidden txt_nota\">\n<div class=\"field-items\">\n<div class=\"field-item even\">\n<p>Luego de que estuviera ausente en la pasada Copa Am\u00e9rica y en las convocatorias para las eliminatorias rumbo a Rusia 2018, el delantero mexicano<strong> Carlos Vela<\/strong>, se dijo disponible para cuando Juan Carlos Osorio decida convocarlo con el <strong>Tri<\/strong> y asegur\u00f3 que no se ha negado a ninguna convocatoria.<\/p>\n<blockquote><p>&#8220;En el tema <strong>Selecci\u00f3n<\/strong>, yo estoy disponible, si el \u00faltimo verano no estuve ah\u00ed fue por decisi\u00f3n del entrenador, que decidi\u00f3 que no estaba en un buen momento o que hab\u00eda gente mejor que yo y por eso no fui, no porque no quisiera&#8221;, <span style=\"color: #ff0000;\"><a style=\"color: #ff0000;\" href=\"https:\/\/www.futboltotal.com.mx\/2016\/09\/vela-no-piensa-dejar-la-real-sociedad\/\" target=\"_blank\">expres\u00f3 en conferencia de prensa con la Real Sociedad.<\/a><\/span><\/p><\/blockquote>\n<p style=\"text-align: center;\"><strong><span style=\"color: #3366ff;\">LEER M\u00c1S:\u00a0<a style=\"color: #3366ff;\" href=\"https:\/\/www.futboltotal.com.mx\/2016\/09\/talavera-pide-a-la-aficion-olviden-7-0\/\"> Talavera pide a la afici\u00f3n que olviden el 7-0<\/a><\/span><\/strong><\/p>\n<p>Despu\u00e9s de su regreso en 2014, <strong>Vela<\/strong> coment\u00f3 que iba a estar en cada convocatoria que fuera requerido, por lo que neg\u00f3 que \u00e9l no quisiera venir a la <strong>Selecci\u00f3n Mexicana<\/strong> y explic\u00f3 que ahora no fue su decisi\u00f3n.<\/p>\n<blockquote><p>&#8220;Dije que cuando volviera iba a estar en todo momento y esta vez no fue as\u00ed porque no me consideraron ellos, no por decisi\u00f3n m\u00eda&#8221;, a\u00f1adi\u00f3.<\/p><\/blockquote>\n<p>El bombardero disput\u00f3 sus \u00faltimos partidos con el<strong> Tri<\/strong> en noviembre de 2015 cuando inici\u00f3 la eliminatoria rumbo a Rusia. En aquellos encuentros, <strong>Vela<\/strong> marc\u00f3 ante El Salvador y despu\u00e9s fue parte del equipo que venci\u00f3 a Honduras en San Pedro Sula.<\/p>\n<p style=\"text-align: center;\"><strong><span style=\"color: #3366ff;\">LEER M\u00c1S:\u00a0<a style=\"color: #3366ff;\" href=\"https:\/\/www.futboltotal.com.mx\/2016\/09\/messi-entrena-pero-sigue-en-duda\/\">Messi entrena pero sigue en duda<\/a><\/span><\/strong><\/p>\n<\/div>\n<\/div>\n<\/div>\n","protected":false},"excerpt":{"rendered":"<p>Vela explic\u00f3 que su ausencia es por decisi\u00f3n de Osorio<\/p>\n","protected":false},"author":20,"featured_media":426745,"comment_status":"closed","ping_status":"closed","sticky":false,"template":"","format":"standard","meta":[],"categories":[5,2198,3847],"tags":[2418],"_links":{"self":[{"href":"http:\/\/desarrollo.grupomedios.com\/futbol\/wp-json\/wp\/v2\/posts\/426737"}],"collection":[{"href":"http:\/\/desarrollo.grupomedios.com\/futbol\/wp-json\/wp\/v2\/posts"}],"about":[{"href":"http:\/\/desarrollo.grupomedios.com\/futbol\/wp-json\/wp\/v2\/types\/post"}],"author":[{"embeddable":true,"href":"http:\/\/desarrollo.grupomedios.com\/futbol\/wp-json\/wp\/v2\/users\/20"}],"replies":[{"embeddable":true,"href":"http:\/\/desarrollo.grupomedios.com\/futbol\/wp-json\/wp\/v2\/comments?post=426737"}],"version-history":[{"count":0,"href":"http:\/\/desarrollo.grupomedios.com\/futbol\/wp-json\/wp\/v2\/posts\/426737\/revisions"}],"wp:featuredmedia":[{"embeddable":true,"href":"http:\/\/desarrollo.grupomedios.com\/futbol\/wp-json\/wp\/v2\/media\/426745"}],"wp:attachment":[{"href":"http:\/\/desarrollo.grupomedios.com\/futbol\/wp-json\/wp\/v2\/media?parent=426737"}],"wp:term":[{"taxonomy":"category","embeddable":true,"href":"http:\/\/desarrollo.grupomedios.com\/futbol\/wp-json\/wp\/v2\/categories?post=426737"},{"taxonomy":"post_tag","embeddable":true,"href":"http:\/\/desarrollo.grupomedios.com\/futbol\/wp-json\/wp\/v2\/tags?post=426737"}],"curies":[{"name":"wp","href":"https:\/\/api.w.org\/{rel}","templated":true}]}}