{"id":426743,"date":"2016-09-07T13:55:00","date_gmt":"2016-09-07T18:55:00","guid":{"rendered":"https:\/\/www.futboltotal.com.mx\/?p=426743"},"modified":"2016-09-07T15:39:07","modified_gmt":"2016-09-07T20:39:07","slug":"mexico-estara-en-los-paralimpicos-2016","status":"publish","type":"post","link":"http:\/\/desarrollo.grupomedios.com\/futbol\/destacado-home\/mexico-estara-en-los-paralimpicos-2016\/2016\/09","title":{"rendered":"El M\u00e9xico que estar\u00e1 en los Paral\u00edmpicos 2016"},"content":{"rendered":"<p>La ciudad de <strong>R\u00edo de Janeiro 2016<\/strong> vuelve a estar de manteles largos casi un mes despu\u00e9s de haber albergado los <strong>Juegos Ol\u00edmpicos de R\u00edo<\/strong>. Este d\u00eda se llevar\u00e1 a cabo la ceremonia inaugural de los Juegos Paral\u00edmpicos, justa en la cual M\u00e9xico ser\u00e1 uno de los 176 pa\u00edses participantes y a la que acude por decimosegunda ocasi\u00f3n con la encomienda de superar la cosecha de 21 medallas logradas hace cuatro a\u00f1os en Londres 2012.<\/p>\n<p style=\"text-align: center;\"><span style=\"color: #3366ff;\"><strong>LEER M\u00c1S: Todas las noticias de otros deportes<\/strong><\/span><br \/>\n<a href=\"https:\/\/www.futboltotal.com.mx\/wp-content\/uploads\/2016\/09\/paralimpicos-1.jpg\"><img decoding=\"async\" loading=\"lazy\" class=\"alignnone size-full wp-image-426839\" src=\"https:\/\/www.futboltotal.com.mx\/wp-content\/uploads\/2016\/09\/paralimpicos-1.jpg\" alt=\"paralimpicos (1)\" srcset=\"http:\/\/desarrollo.grupomedios.com\/futbol\/wp-content\/uploads\/2016\/09\/paralimpicos-1.jpg 858w, http:\/\/desarrollo.grupomedios.com\/futbol\/wp-content\/uploads\/2016\/09\/paralimpicos-1-227x300.jpg 227w, http:\/\/desarrollo.grupomedios.com\/futbol\/wp-content\/uploads\/2016\/09\/paralimpicos-1-768x1014.jpg 768w, http:\/\/desarrollo.grupomedios.com\/futbol\/wp-content\/uploads\/2016\/09\/paralimpicos-1-775x1024.jpg 775w\" sizes=\"(max-width: 858px) 100vw, 858px\" \/><\/a><\/p>\n<p><strong>M\u00e9xico<\/strong> acude con un contingente de 69 atletas -dos m\u00e1s que en Pek\u00edn 2008 y 15 menos que en Londres 2012- y vivir\u00e1 una justa emblem\u00e1tica en la que contender\u00e1 en nueve disciplinas y, por primera vez, incursionar\u00e1 en el paratriatl\u00f3n, donde tendr\u00e1 como representante a Jos\u00e9 Abraham Estrada Sierra, de 21 a\u00f1os, tras haber clasificado al magno evento como el cuarto mejor del ranking mundial de la especialidad.<\/p>\n<p><strong>M\u00e9xico<\/strong> tiene amplias posibilidades de superar las seis preseas de oro, cuatro de plata y 11 de bronce que obtuvo en la pasada edici\u00f3n de la competici\u00f3n y con ello mejorar significativamente el puesto n\u00famero 23 con el que culmin\u00f3 en el medallero por paises. Del 7 al 18 de septiembre pr\u00f3ximos se llevar\u00e1 a cabo la justa y no debes perderle la pista a la delegaci\u00f3n <em>tricolor.<\/em><\/p>\n","protected":false},"excerpt":{"rendered":"<p>Conoce las b\u00e1sicas de la delegaci\u00f3n Tricolor previo a la justa en R\u00edo de Janeiro<\/p>\n","protected":false},"author":20,"featured_media":426841,"comment_status":"closed","ping_status":"closed","sticky":false,"template":"","format":"standard","meta":[],"categories":[5,6411],"tags":[7411],"_links":{"self":[{"href":"http:\/\/desarrollo.grupomedios.com\/futbol\/wp-json\/wp\/v2\/posts\/426743"}],"collection":[{"href":"http:\/\/desarrollo.grupomedios.com\/futbol\/wp-json\/wp\/v2\/posts"}],"about":[{"href":"http:\/\/desarrollo.grupomedios.com\/futbol\/wp-json\/wp\/v2\/types\/post"}],"author":[{"embeddable":true,"href":"http:\/\/desarrollo.grupomedios.com\/futbol\/wp-json\/wp\/v2\/users\/20"}],"replies":[{"embeddable":true,"href":"http:\/\/desarrollo.grupomedios.com\/futbol\/wp-json\/wp\/v2\/comments?post=426743"}],"version-history":[{"count":0,"href":"http:\/\/desarrollo.grupomedios.com\/futbol\/wp-json\/wp\/v2\/posts\/426743\/revisions"}],"wp:featuredmedia":[{"embeddable":true,"href":"http:\/\/desarrollo.grupomedios.com\/futbol\/wp-json\/wp\/v2\/media\/426841"}],"wp:attachment":[{"href":"http:\/\/desarrollo.grupomedios.com\/futbol\/wp-json\/wp\/v2\/media?parent=426743"}],"wp:term":[{"taxonomy":"category","embeddable":true,"href":"http:\/\/desarrollo.grupomedios.com\/futbol\/wp-json\/wp\/v2\/categories?post=426743"},{"taxonomy":"post_tag","embeddable":true,"href":"http:\/\/desarrollo.grupomedios.com\/futbol\/wp-json\/wp\/v2\/tags?post=426743"}],"curies":[{"name":"wp","href":"https:\/\/api.w.org\/{rel}","templated":true}]}}