{"id":426753,"date":"2016-09-07T12:01:29","date_gmt":"2016-09-07T17:01:29","guid":{"rendered":"https:\/\/www.futboltotal.com.mx\/?p=426753"},"modified":"2016-09-07T15:38:16","modified_gmt":"2016-09-07T20:38:16","slug":"vazquez-se-perdera-clasico-ante-america","status":"publish","type":"post","link":"http:\/\/desarrollo.grupomedios.com\/futbol\/destacado-home\/vazquez-se-perdera-clasico-ante-america\/2016\/09","title":{"rendered":"V\u00e1zquez se perder\u00e1 el Cl\u00e1sico ante Am\u00e9rica"},"content":{"rendered":"<p>El mediocampista de<strong> Cruz Azul<\/strong>, <strong>V\u00edctor V\u00e1zquez<\/strong>, no estar\u00e1 disponible para el Cl\u00e1sico Joven ante Am\u00e9rica, a disputarse el pr\u00f3ximo s\u00e1bado en la cancha del Estadio Azul, seg\u00fan confirm\u00f3 este mi\u00e9rcoles el entrenador de la <em>M\u00e1quina<\/em>, Tom\u00e1s Boy.<\/p>\n<p>&#8220;V\u00edctor V\u00e1zquez est\u00e1 recibiendo el tratamiento adecuado y podr\u00eda estar hasta el pr\u00f3ximo fin de semana. Veremos como evoluciona, se le van a practicar otras pruebas m\u00e9dicas y marcaremos los tiempos para que cuando regrese est\u00e9 en buenas condiciones&#8221;, dijo el timonel en rueda de prensa.<\/p>\n<p style=\"text-align: center;\"><a href=\"https:\/\/www.futboltotal.com.mx\/futbol-mexicano\/\"><span style=\"color: #3366ff;\"><strong>LEER M\u00c1S: Todas las noticias de futbol mexicano<\/strong><\/span><\/a><\/p>\n<p><strong>V\u00e1zquez<\/strong> fue titular en las primeras cuatro jornadas del Apertura 2016 y en adelante ha estado fuera de actividad debido a un padecimiento reum\u00e1tico que le aqueja desde hace tiempo en la rodilla derecha. Justo por este mismo, cuando estaba en las filas del FC Barcelona, los m\u00e9dicos le aconsejaron dejar el futbol. Aunque la lesi\u00f3n es cr\u00f3nica se ha descartado que tenga que pasar por el quir\u00f3fano.<\/p>\n<p>El mediocampista de <strong>Cruz Azul<\/strong>, quien se perdi\u00f3 los duelos ante Quer\u00e9taro, Santos, Atlas, as\u00ed como el de Copa ante Coras, sigue su proceso de recuperaci\u00f3n y est\u00e1 descartado para el partido ante <strong>Am\u00e9rica<\/strong>. En los pr\u00f3ximos d\u00edas se sabr\u00e1 con precisi\u00f3n c\u00f3mo va su proceso de recuperaci\u00f3n y la fecha en que podr\u00eda estar disponible para el entrenador Tom\u00e1s Boy.<\/p>\n","protected":false},"excerpt":{"rendered":"<p>El t\u00e9cnico Tom\u00e1s Boy confirma la baja del mediocampista espa\u00f1ol<\/p>\n","protected":false},"author":20,"featured_media":426759,"comment_status":"closed","ping_status":"closed","sticky":false,"template":"","format":"standard","meta":[],"categories":[5,2198,3845],"tags":[5962,7409],"_links":{"self":[{"href":"http:\/\/desarrollo.grupomedios.com\/futbol\/wp-json\/wp\/v2\/posts\/426753"}],"collection":[{"href":"http:\/\/desarrollo.grupomedios.com\/futbol\/wp-json\/wp\/v2\/posts"}],"about":[{"href":"http:\/\/desarrollo.grupomedios.com\/futbol\/wp-json\/wp\/v2\/types\/post"}],"author":[{"embeddable":true,"href":"http:\/\/desarrollo.grupomedios.com\/futbol\/wp-json\/wp\/v2\/users\/20"}],"replies":[{"embeddable":true,"href":"http:\/\/desarrollo.grupomedios.com\/futbol\/wp-json\/wp\/v2\/comments?post=426753"}],"version-history":[{"count":0,"href":"http:\/\/desarrollo.grupomedios.com\/futbol\/wp-json\/wp\/v2\/posts\/426753\/revisions"}],"wp:featuredmedia":[{"embeddable":true,"href":"http:\/\/desarrollo.grupomedios.com\/futbol\/wp-json\/wp\/v2\/media\/426759"}],"wp:attachment":[{"href":"http:\/\/desarrollo.grupomedios.com\/futbol\/wp-json\/wp\/v2\/media?parent=426753"}],"wp:term":[{"taxonomy":"category","embeddable":true,"href":"http:\/\/desarrollo.grupomedios.com\/futbol\/wp-json\/wp\/v2\/categories?post=426753"},{"taxonomy":"post_tag","embeddable":true,"href":"http:\/\/desarrollo.grupomedios.com\/futbol\/wp-json\/wp\/v2\/tags?post=426753"}],"curies":[{"name":"wp","href":"https:\/\/api.w.org\/{rel}","templated":true}]}}