{"id":426943,"date":"2016-09-07T17:12:42","date_gmt":"2016-09-07T22:12:42","guid":{"rendered":"https:\/\/www.futboltotal.com.mx\/?p=426943"},"modified":"2016-09-07T17:15:42","modified_gmt":"2016-09-07T22:15:42","slug":"xavi-pide-comparar-a-cristiano-messi","status":"publish","type":"post","link":"http:\/\/desarrollo.grupomedios.com\/futbol\/futbol-internacional\/xavi-pide-comparar-a-cristiano-messi\/2016\/09","title":{"rendered":"Xavi pidi\u00f3 no comparar a Cristiano con Lionel Messi"},"content":{"rendered":"<p>El ex mediocampista del Barcelona, <strong>Xavi Hern\u00e1ndez<\/strong>, habl\u00f3 sobre las cualidades que hay entre <strong>Lionel Messi<\/strong> y <strong>Cristiano Ronaldo<\/strong>, asegurando que no se puede comparar ya que para \u00e9l, el argentino es el mejor.<\/p>\n<blockquote><p>\u201cSer\u00e1 el n\u00famero uno hasta que \u00e9l quiera, es una maravilla tenerlo. Ver jugar a <strong>Messi<\/strong>\u2026 \u00a1Es superior a todo el mundo. Es el mejor del mundo para todos a no ser que seas del Real Madrid\u201d, coment\u00f3.<\/p><\/blockquote>\n<p style=\"text-align: center;\"><strong><span style=\"color: #3366ff;\">LEER M\u00c1S:\u00a0<a style=\"color: #3366ff;\" href=\"https:\/\/www.futboltotal.com.mx\/2016\/09\/ronaldinho-anuncia-final-carrera\/\"> Ronaldinho anuncia el final de su carrera<\/a><\/span><\/strong><\/p>\n<p>El actual jugador de Al-Sadd tambi\u00e9n habl\u00f3 sobre el rival\u00a0<em>La Pulga\u00a0<\/em>a mejor jugador del mundo, <strong>Cristiano Ronaldo<\/strong> y asegur\u00f3 que tambi\u00e9n es un futbolista extraordinario y habl\u00f3 sobre las comparaciones que tiene con <strong>Messi<\/strong>.<\/p>\n<blockquote><p>\u201cUn tonto no puede jugar a f\u00fatbol y mucho menos ser <strong>Cristiano<\/strong>. Nunca habl\u00e9 de su inteligencia como se dijo. <strong>Cristiano<\/strong> es un futbolista extraordinario, un futbolista de \u00e9poca. El problema que tiene es que hay otro que ha sido pr\u00e1cticamente el mejor futbolista de la historia. Compararlos, para m\u00ed no hay color, y creo que para todo el mundo que le gusta el f\u00fatbol. Si no eres del Madrid, claro\u201d, asegur\u00f3 <strong>Xavi<\/strong> en entrevista para\u00a0<em>El larguero.<\/em><\/p><\/blockquote>\n<p><img decoding=\"async\" loading=\"lazy\" class=\"alignnone size-full wp-image-426971\" src=\"https:\/\/www.futboltotal.com.mx\/wp-content\/uploads\/2016\/09\/messi-y-cristiano-.jpg\" alt=\"messi\" srcset=\"http:\/\/desarrollo.grupomedios.com\/futbol\/wp-content\/uploads\/2016\/09\/messi-y-cristiano-.jpg 858w, http:\/\/desarrollo.grupomedios.com\/futbol\/wp-content\/uploads\/2016\/09\/messi-y-cristiano--300x151.jpg 300w, http:\/\/desarrollo.grupomedios.com\/futbol\/wp-content\/uploads\/2016\/09\/messi-y-cristiano--768x386.jpg 768w, http:\/\/desarrollo.grupomedios.com\/futbol\/wp-content\/uploads\/2016\/09\/messi-y-cristiano--340x171.jpg 340w\" sizes=\"(max-width: 858px) 100vw, 858px\" \/><\/p>\n<p>El Campe\u00f3n del Mundo con Espa\u00f1a en 2010 tambi\u00e9n se dio tiempo para hablar de la Selecci\u00f3n Espa\u00f1ola y de su amigo Iker Casillas, quien no ha tenido participaci\u00f3n en los \u00faltimos partidos de\u00a0<em>la Furia Roja.<\/em><\/p>\n<blockquote><p>\u00a0\u201cTodo el mundo pensaba que lo de Iker y la Selecci\u00f3n pod\u00eda pasar. Es feo ver a Iker, que lo ha sido todo en la Selecci\u00f3n, en el banquillo con Espa\u00f1a. Por otro lado, Carvajal, Diego Costa\u2026 le han dado a Espa\u00f1a un punto m\u00e1s de pasi\u00f3n. No se debe tocar nada de la Selecci\u00f3n, hay que impulsar el estilo. Lopetegui es un fichaje totalmente acertado, es una continuidad muy buena\u201d.<\/p><\/blockquote>\n<p>Al final, <strong>Xavi Hern\u00e1ndez<\/strong> tambi\u00e9n habl\u00f3 sobre su actualidad y se dijo tranquilo por relajarse en Catar.<\/p>\n<blockquote><p>\u201cAhora me doy cuenta de la exigencia inhumana que viv\u00eda en <strong>Barcelona<\/strong>. Necesitaba estar fuera del estr\u00e9s, estaba metido en una aureola de estr\u00e9s muy bestia.\u00a0Me gusta estar en el campo, disfruto ayudando a los chavales. Veo que entrenar me va gustando, no s\u00e9 si encajar\u00e9 en el <em>Bar\u00e7a<\/em> pero esa es la idea. Es muy pronto para volver a Barcelona, pasar\u00e1n a\u00f1os, todav\u00eda es muy muy pronto\u201d.<\/p><\/blockquote>\n<p style=\"text-align: center;\"><strong><span style=\"color: #3366ff;\">LEER M\u00c1S:\u00a0<a style=\"color: #3366ff;\" href=\"https:\/\/www.futboltotal.com.mx\/2016\/09\/proponen-duelo-campeones-river-plate-real-madrid\/\">Proponen duelo de campeones entre River Plate y Real Madrid<\/a><\/span><\/strong><\/p>\n","protected":false},"excerpt":{"rendered":"<p>Xavi Hern\u00e1ndez destac\u00f3 las cualidades de ambos jugadores<\/p>\n","protected":false},"author":20,"featured_media":426977,"comment_status":"closed","ping_status":"closed","sticky":false,"template":"","format":"standard","meta":[],"categories":[3839,5951],"tags":[1496,248],"_links":{"self":[{"href":"http:\/\/desarrollo.grupomedios.com\/futbol\/wp-json\/wp\/v2\/posts\/426943"}],"collection":[{"href":"http:\/\/desarrollo.grupomedios.com\/futbol\/wp-json\/wp\/v2\/posts"}],"about":[{"href":"http:\/\/desarrollo.grupomedios.com\/futbol\/wp-json\/wp\/v2\/types\/post"}],"author":[{"embeddable":true,"href":"http:\/\/desarrollo.grupomedios.com\/futbol\/wp-json\/wp\/v2\/users\/20"}],"replies":[{"embeddable":true,"href":"http:\/\/desarrollo.grupomedios.com\/futbol\/wp-json\/wp\/v2\/comments?post=426943"}],"version-history":[{"count":0,"href":"http:\/\/desarrollo.grupomedios.com\/futbol\/wp-json\/wp\/v2\/posts\/426943\/revisions"}],"wp:featuredmedia":[{"embeddable":true,"href":"http:\/\/desarrollo.grupomedios.com\/futbol\/wp-json\/wp\/v2\/media\/426977"}],"wp:attachment":[{"href":"http:\/\/desarrollo.grupomedios.com\/futbol\/wp-json\/wp\/v2\/media?parent=426943"}],"wp:term":[{"taxonomy":"category","embeddable":true,"href":"http:\/\/desarrollo.grupomedios.com\/futbol\/wp-json\/wp\/v2\/categories?post=426943"},{"taxonomy":"post_tag","embeddable":true,"href":"http:\/\/desarrollo.grupomedios.com\/futbol\/wp-json\/wp\/v2\/tags?post=426943"}],"curies":[{"name":"wp","href":"https:\/\/api.w.org\/{rel}","templated":true}]}}