{"id":427045,"date":"2016-09-07T20:52:09","date_gmt":"2016-09-08T01:52:09","guid":{"rendered":"https:\/\/www.futboltotal.com.mx\/?p=427045"},"modified":"2016-09-07T20:52:09","modified_gmt":"2016-09-08T01:52:09","slug":"rio-janeiro-vuelve-a-una-fiesta","status":"publish","type":"post","link":"http:\/\/desarrollo.grupomedios.com\/futbol\/no-todo-es-futbol\/rio-janeiro-vuelve-a-una-fiesta\/2016\/09","title":{"rendered":"R\u00edo de Janeiro vuelve a ser una fiesta"},"content":{"rendered":"<p>El estadio de <strong>Maracan\u00e1<\/strong> vivi\u00f3 durante casi cuatro horas, con la ceremonia de inauguraci\u00f3n de los primeros <strong>Juegos Paral\u00edmpicos<\/strong> de la historia de Sudam\u00e9rica, una aut\u00e9ntica fiesta tropical que llen\u00f3 de color y m\u00fasica el cielo de<strong> R\u00edo de Janeiro<\/strong>.<\/p>\n<p>La ceremonia comenz\u00f3 con el anuncio que por los v\u00eddeo-marcadores protagoniz\u00f3 Philip Craven, deportista brit\u00e1nico en silla de ruedas que compiti\u00f3 en cinco Juegos de 1972 a 1988 y que salud\u00f3 desde una de las tribunas, ahora como presidente del Comit\u00e9 Paral\u00edmpico Internacional.<\/p>\n<blockquote class=\"twitter-tweet\" data-lang=\"es\">\n<p dir=\"ltr\" lang=\"es\">Brilla la <a href=\"https:\/\/twitter.com\/hashtag\/LlamaParal%C3%ADmpica?src=hash\">#LlamaParal\u00edmpica<\/a> y abiertos los primeros <a href=\"https:\/\/twitter.com\/hashtag\/JuegosParal%C3%ADmpicos?src=hash\">#JuegosParal\u00edmpicos<\/a> de Am\u00e9rica del Sur! <a href=\"https:\/\/twitter.com\/hashtag\/CeremoniaDeApertura?src=hash\">#CeremoniaDeApertura<\/a> <a href=\"https:\/\/t.co\/2nrwsAeevj\">pic.twitter.com\/2nrwsAeevj<\/a><\/p>\n<p>\u2014 Rio 2016 (@rio2016_es) <a href=\"https:\/\/twitter.com\/rio2016_es\/status\/773687720916942853\">8 de septiembre de 2016<\/a><\/p><\/blockquote>\n<p><script async src=\"\/\/platform.twitter.com\/widgets.js\" charset=\"utf-8\"><\/script><\/p>\n<p>Su testigo lo tom\u00f3 el atleta estadounidense Aaron Wheelz, que, con su silla de ruedas, deleit\u00f3 a los asistentes con un salt\u00f3 impresionante, con pirueta incluida en el aire, tras descender una empinada rampa desde lo m\u00e1s alto de una de las gradas de un fondo del estadio.<\/p>\n<p>A partir de ese momento la m\u00fasica tom\u00f3 un papel protagonista y, a trav\u00e9s de ritmos como la samba, el tropicalismo o la bossa nova, se fueron sucediendo diversos espect\u00e1culos de m\u00fasica, luz y color que iluminaron la noche de R\u00edo de Janeiro.<\/p>\n<p>Con el estadio de Maracan\u00e1 en pie, el maestro Joao Carlos Martins, con un solo de piano, fue el encargado de poner m\u00fasica al himno de Brasil y al izado de la bandera del pa\u00eds carioca.<\/p>\n<blockquote class=\"twitter-tweet\" data-lang=\"es\">\n<p dir=\"ltr\" lang=\"es\">Ahora la <a href=\"https:\/\/twitter.com\/hashtag\/LlamaParalimpica?src=hash\">#LlamaParalimpica<\/a> en manos del medallista Paral\u00edmpico Clodo Aldo Silva <a href=\"https:\/\/twitter.com\/hashtag\/CeremoniaDeApertura?src=hash\">#CeremoniaDeApertura<\/a> <a href=\"https:\/\/t.co\/fpvGGIuKsu\">pic.twitter.com\/fpvGGIuKsu<\/a><\/p>\n<p>\u2014 Rio 2016 (@rio2016_es) <a href=\"https:\/\/twitter.com\/rio2016_es\/status\/773684847210528768\">8 de septiembre de 2016<\/a><\/p><\/blockquote>\n<p><script async src=\"\/\/platform.twitter.com\/widgets.js\" charset=\"utf-8\"><\/script><\/p>\n<p>A continuaci\u00f3n, uno a uno, representantes de los 164 pa\u00edses participantes fueron desfilando por el estadio, incluido Ibrahim Al Hussein, un refugiado sirio que compite como parte del equipo de atletas paral\u00edmpicos independientes.<\/p>\n<blockquote class=\"twitter-tweet\" data-lang=\"es\">\n<p dir=\"ltr\" lang=\"es\">Una de esas danzas que no se olvidan. <a href=\"https:\/\/twitter.com\/AmyPurdyGurl\">@AmyPurdyGurl<\/a> atleta paral\u00edmpica al ritmo de Brasil <a href=\"https:\/\/twitter.com\/hashtag\/CeremoniaDeApertura?src=hash\">#CeremoniaDeApertura<\/a> <a href=\"https:\/\/t.co\/TeiOq5SNKU\">pic.twitter.com\/TeiOq5SNKU<\/a><\/p>\n<p>\u2014 Rio 2016 (@rio2016_es) <a href=\"https:\/\/twitter.com\/rio2016_es\/status\/773683046100992000\">8 de septiembre de 2016<\/a><\/p><\/blockquote>\n<p><script async src=\"\/\/platform.twitter.com\/widgets.js\" charset=\"utf-8\"><\/script><\/p>\n<p>Ese momento fue la antesala que dio inicio a los discursos oficiales, el primero el de Carlos Arthur Nuzman, presidente del Comit\u00e9 Paral\u00edmpico Brasile\u00f1o.<\/p>\n<p>&#8220;Celebramos un gran desaf\u00edo, el de construir un mundo nuevo, m\u00e1s accesible para todos, m\u00e1s justo, m\u00e1s fraternal y d\u00f3nde todos podamos caminar sin obst\u00e1culos. Los atletas nos inspiran con su pasi\u00f3n. Sois s\u00faper humanos, no conoc\u00e9is lo imposible. Vamos a construir juntos un mundo nuevo&#8221;, coment\u00f3 Nuzman.<\/p>\n<blockquote class=\"twitter-tweet\" data-lang=\"es\">\n<p dir=\"ltr\" lang=\"es\">Representaci\u00f3n de <a href=\"https:\/\/twitter.com\/hashtag\/Vela?src=hash\">#Vela<\/a> <a href=\"https:\/\/t.co\/Noxu5u7ixc\">pic.twitter.com\/Noxu5u7ixc<\/a><\/p>\n<p>\u2014 Rio 2016 (@rio2016_es) <a href=\"https:\/\/twitter.com\/rio2016_es\/status\/773678143035084805\">8 de septiembre de 2016<\/a><\/p><\/blockquote>\n<p><script async src=\"\/\/platform.twitter.com\/widgets.js\" charset=\"utf-8\"><\/script><\/p>\n<p>El momento m\u00e1s emotivo de la ceremonia lleg\u00f3 casi al final con el encendido del pebetero paral\u00edmpico. La llama, tras haber viajado a trav\u00e9s de las cinco regiones de Brasil a lo largo de siete d\u00edas, con 500 portadores, lleg\u00f3 al estadio para un \u00faltimo relevo en manos de cuatro deportistas con discapacidad brasile\u00f1os: Antonio Delfino, Marcia Malsar, Adria Rocha y Clodoaldo Silva.<\/p>\n<p>El encargado de poner el broche a la ceremonia fue el cantante Seu Jorge, que, acompa\u00f1ado de los m\u00fasicos del C\u00edrculo de Samba, hicieron bailar a la grada de Maracan\u00e1.<\/p>\n<p>Los <strong>Juegos Paral\u00edmpicos<\/strong> de<strong> R\u00edo de Janeiro<\/strong> son los primeros que se celebran en Sudam\u00e9rica y cuentan con la participaci\u00f3n de 159 pa\u00edses y 4.432 deportistas que competir\u00e1n en veintid\u00f3s modalidades, dos m\u00e1s que en Londres debido a la inclusi\u00f3n del triatl\u00f3n y el pirag\u00fcismo.<\/p>\n","protected":false},"excerpt":{"rendered":"<p>El estadio de Maracan\u00e1 vivi\u00f3 durante casi cuatro horas, con la ceremonia de inauguraci\u00f3n de los primeros Juegos Paral\u00edmpicos de la historia de Sudam\u00e9rica, una aut\u00e9ntica fiesta tropical que llen\u00f3 de color y m\u00fasica el cielo de R\u00edo de Janeiro. La ceremonia comenz\u00f3 con el anuncio que por los v\u00eddeo-marcadores protagoniz\u00f3 Philip Craven, deportista brit\u00e1nico [&hellip;]<\/p>\n","protected":false},"author":144,"featured_media":427047,"comment_status":"closed","ping_status":"closed","sticky":false,"template":"","format":"standard","meta":[],"categories":[7182,5418,6411],"tags":[7411,5461],"_links":{"self":[{"href":"http:\/\/desarrollo.grupomedios.com\/futbol\/wp-json\/wp\/v2\/posts\/427045"}],"collection":[{"href":"http:\/\/desarrollo.grupomedios.com\/futbol\/wp-json\/wp\/v2\/posts"}],"about":[{"href":"http:\/\/desarrollo.grupomedios.com\/futbol\/wp-json\/wp\/v2\/types\/post"}],"author":[{"embeddable":true,"href":"http:\/\/desarrollo.grupomedios.com\/futbol\/wp-json\/wp\/v2\/users\/144"}],"replies":[{"embeddable":true,"href":"http:\/\/desarrollo.grupomedios.com\/futbol\/wp-json\/wp\/v2\/comments?post=427045"}],"version-history":[{"count":0,"href":"http:\/\/desarrollo.grupomedios.com\/futbol\/wp-json\/wp\/v2\/posts\/427045\/revisions"}],"wp:featuredmedia":[{"embeddable":true,"href":"http:\/\/desarrollo.grupomedios.com\/futbol\/wp-json\/wp\/v2\/media\/427047"}],"wp:attachment":[{"href":"http:\/\/desarrollo.grupomedios.com\/futbol\/wp-json\/wp\/v2\/media?parent=427045"}],"wp:term":[{"taxonomy":"category","embeddable":true,"href":"http:\/\/desarrollo.grupomedios.com\/futbol\/wp-json\/wp\/v2\/categories?post=427045"},{"taxonomy":"post_tag","embeddable":true,"href":"http:\/\/desarrollo.grupomedios.com\/futbol\/wp-json\/wp\/v2\/tags?post=427045"}],"curies":[{"name":"wp","href":"https:\/\/api.w.org\/{rel}","templated":true}]}}